{"id":74718,"date":"2017-12-23T15:32:56","date_gmt":"2017-12-23T18:32:56","guid":{"rendered":"http:\/\/www.locoxelrojo.com\/independiente\/?p=74718"},"modified":"2017-12-23T21:20:00","modified_gmt":"2017-12-24T00:20:00","slug":"pusineri-no-piensan-lastima","status":"publish","type":"post","link":"https:\/\/www.locoxelrojo.com\/independiente\/2017\/12\/23\/pusineri-no-piensan-lastima\/","title":{"rendered":"Pusineri: &#8220;No piensan en m\u00ed y eso me lastima&#8221;"},"content":{"rendered":"<p><strong>Lucas Pusineri<\/strong> se mostr\u00f3 dolido por no ser tenido en cuenta para dirigir a Independiente ante la salida de Ariel Holan.<\/p>\n<p><strong>&#8220;El tel\u00e9fono no suena y dudo que vaya a sonar. No piensan en\u00a0m\u00ed y eso me lastima un poco&#8221;<\/strong>, expres\u00f3 el exvolante del Rojo en di\u00e1logo con <em>Fox Sports Radio<\/em>, y sigui\u00f3 con su descargo: <strong>&#8220;Puede ser que me sienta olvidado. Uno tiene sentido de pertenencia con Independiente y no tengo la posibilidad de mostrar lo ambicioso que puedo ser. No figuro en la lista de sus pretensiones,\u00a0es como\u00a0que se tienen que caer todos para que piensen en m\u00ed&#8221;<\/strong>.<\/p>\n<p>El jugador que fue campe\u00f3n del Apertura 2002 confes\u00f3 que est\u00e1 muy entusiasmado con ser el entrenador de Independiente alg\u00fan d\u00eda.<strong> &#8220;M\u00e1s all\u00e1 de la historia y la representaci\u00f3n que yo tuve en el club, con las ganas\u00a0que tengo para agarrar, ese hambre de gloria que tengo y que hay un plantel muy rico y ganador, ser\u00eda lindo&#8221;<\/strong>, afirm\u00f3, y cont\u00f3 que alguna vez s\u00ed fue tenido en cuenta por los dirigentes: <strong>&#8220;Me junt\u00e9 el a\u00f1o pasado con Pablo Moyano y algunos allegados. No se dio y tuvieron una muy buena elecci\u00f3n con Holan, hay que reconocer eso. Estoy dispuesto a poner el pecho si cambian de opini\u00f3n y quieren conocer nuevamente mi proyecto&#8221;<\/strong>.<\/p>\n<p>Consultado sobre cu\u00e1l es su estilo y su visi\u00f3n de juego, Lucas cont\u00f3 que tiene <strong>&#8220;un perfil ganador&#8221;<\/strong>, y defini\u00f3 a su referente a seguir: <strong>&#8220;Me marc\u00f3 mucho el Ingeniero Pellegrini en San Lorenzo, que hace diez a\u00f1os que est\u00e1 en Europa y, m\u00e1s all\u00e1 del equilibrio, ha conseguido muchos resultados&#8221;<\/strong>. En tanto, remarc\u00f3 que\u00a0<strong>&#8220;antes se dec\u00eda que se jugaba como se viv\u00eda y ahora hay que jugar como se entrena, estar bien preparado&#8221;<\/strong>, y elogi\u00f3 al t\u00e9cnico campe\u00f3n de la Copa Sudamericana 2017:<strong> &#8220;El trabajo de Holan y el profe Kohan ha sido muy exitoso y est\u00e1n todas las situaciones para continuar con un ciclo exitoso&#8221;<\/strong>.<\/p>\n<p>Por otro lado, si bien le dio cr\u00e9dito al ciclo de Holan, cuestion\u00f3 la manera en que anunci\u00f3 su salida del club.<strong> &#8220;Reconozco que ha hecho un trabajo sumamente positivo y se ha encontrado con la posibilidad de ser un \u00eddolo, pero me duele c\u00f3mo dej\u00f3 a la gente un poco plantada. \u00c9l tendr\u00e1 su raz\u00f3n y no puedo decir mucho, pero todo lo bueno se ha dilapidado con esa carta. Hay formas y la forma no fue la adecuada&#8221;<\/strong>, opin\u00f3.<\/p>\n","protected":false},"excerpt":{"rendered":"<p>Lucas Pusineri se mostr\u00f3 dolido por no ser tenido en cuenta para dirigir a Independiente ante la salida de Ariel Holan. &#8220;El tel\u00e9fono no suena y dudo que vaya a sonar. No piensan en\u00a0m\u00ed y eso me lastima un poco&#8221;, expres\u00f3 el exvolante del Rojo en di\u00e1logo con Fox Sports Radio, y sigui\u00f3 con su [&hellip;]<\/p>\n","protected":false},"author":8,"featured_media":74719,"comment_status":"open","ping_status":"closed","sticky":false,"template":"","format":"standard","meta":{"_links_to":"","_links_to_target":""},"categories":[3280,3247],"tags":[145],"_links":{"self":[{"href":"https:\/\/www.locoxelrojo.com\/independiente\/wp-json\/wp\/v2\/posts\/74718"}],"collection":[{"href":"https:\/\/www.locoxelrojo.com\/independiente\/wp-json\/wp\/v2\/posts"}],"about":[{"href":"https:\/\/www.locoxelrojo.com\/independiente\/wp-json\/wp\/v2\/types\/post"}],"author":[{"embeddable":true,"href":"https:\/\/www.locoxelrojo.com\/independiente\/wp-json\/wp\/v2\/users\/8"}],"replies":[{"embeddable":true,"href":"https:\/\/www.locoxelrojo.com\/independiente\/wp-json\/wp\/v2\/comments?post=74718"}],"version-history":[{"count":0,"href":"https:\/\/www.locoxelrojo.com\/independiente\/wp-json\/wp\/v2\/posts\/74718\/revisions"}],"wp:featuredmedia":[{"embeddable":true,"href":"https:\/\/www.locoxelrojo.com\/independiente\/wp-json\/wp\/v2\/media\/74719"}],"wp:attachment":[{"href":"https:\/\/www.locoxelrojo.com\/independiente\/wp-json\/wp\/v2\/media?parent=74718"}],"wp:term":[{"taxonomy":"category","embeddable":true,"href":"https:\/\/www.locoxelrojo.com\/independiente\/wp-json\/wp\/v2\/categories?post=74718"},{"taxonomy":"post_tag","embeddable":true,"href":"https:\/\/www.locoxelrojo.com\/independiente\/wp-json\/wp\/v2\/tags?post=74718"}],"curies":[{"name":"wp","href":"https:\/\/api.w.org\/{rel}","templated":true}]}}