{"id":74774,"date":"2017-12-28T16:15:58","date_gmt":"2017-12-28T19:15:58","guid":{"rendered":"http:\/\/www.locoxelrojo.com\/independiente\/?p=74774"},"modified":"2017-12-28T22:48:01","modified_gmt":"2017-12-29T01:48:01","slug":"allanamiento-sede-avellaneda","status":"publish","type":"post","link":"https:\/\/www.locoxelrojo.com\/independiente\/2017\/12\/28\/allanamiento-sede-avellaneda\/","title":{"rendered":"Allanamiento en la Sede Avellaneda"},"content":{"rendered":"<p><strong>Este jueves la Polic\u00eda Federal allan\u00f3 la Sede Social de Independiente y la empresa Integradores S.A. en el marco de la causa por lavados de activos y asociaci\u00f3n il\u00edcita.<\/strong><\/p>\n<p>La Justicia llev\u00f3 adelante distintos procedimientos en la causa de lavados de activos y asociaci\u00f3n il\u00edcita que termin\u00f3 con la detenci\u00f3n de varios integrantes de la Barra de Independiente y Noray Nakis. La PFA lleg\u00f3 al edificio ubicado en Avenida Mitre 470 esta ma\u00f1ana <strong>por disposici\u00f3n de los fiscales Viviana Giorgi y Jos\u00e9 Luis Su\u00e1rez, junto una orden emitida por el juez de la causa Gabriel Vitale<\/strong>.<\/p>\n<p>Adem\u00e1s, <strong>se allan\u00f3 la empresa Integradores S.A. cuyo rubro es el asesoramiento en dise\u00f1o y desarrollo en redes y sistemas<\/strong>. Hay que recordar que esta es la empresa que se encarga de administrar la venta y reserva de bonos y entradas que emite el club v\u00eda web. <strong>Se investiga la adulteraci\u00f3n del sistema electr\u00f3nico y supuesta desviaci\u00f3n de fondos. Por eso, se recolectaron distintas pruebas, material y equipamiento.<\/strong><\/p>\n<p><strong>Esto se realiz\u00f3 despu\u00e9s de una declaraci\u00f3n del l\u00edder de Los Diablos Rojos, Pablo \u00c1lvarez, en calidad de &#8220;arrepentido&#8221;<\/strong>, qui\u00e9n se encuentra detenido desde el 27 de octubre.<\/p>\n","protected":false},"excerpt":{"rendered":"<p>Este jueves la Polic\u00eda Federal allan\u00f3 la Sede Social de Independiente y la empresa Integradores S.A. en el marco de la causa por lavados de activos y asociaci\u00f3n il\u00edcita. La Justicia llev\u00f3 adelante distintos procedimientos en la causa de lavados de activos y asociaci\u00f3n il\u00edcita que termin\u00f3 con la detenci\u00f3n de varios integrantes de la [&hellip;]<\/p>\n","protected":false},"author":21,"featured_media":74775,"comment_status":"open","ping_status":"closed","sticky":false,"template":"","format":"standard","meta":{"_links_to":"","_links_to_target":""},"categories":[3247,4],"tags":[153,50,1088,287],"_links":{"self":[{"href":"https:\/\/www.locoxelrojo.com\/independiente\/wp-json\/wp\/v2\/posts\/74774"}],"collection":[{"href":"https:\/\/www.locoxelrojo.com\/independiente\/wp-json\/wp\/v2\/posts"}],"about":[{"href":"https:\/\/www.locoxelrojo.com\/independiente\/wp-json\/wp\/v2\/types\/post"}],"author":[{"embeddable":true,"href":"https:\/\/www.locoxelrojo.com\/independiente\/wp-json\/wp\/v2\/users\/21"}],"replies":[{"embeddable":true,"href":"https:\/\/www.locoxelrojo.com\/independiente\/wp-json\/wp\/v2\/comments?post=74774"}],"version-history":[{"count":0,"href":"https:\/\/www.locoxelrojo.com\/independiente\/wp-json\/wp\/v2\/posts\/74774\/revisions"}],"wp:featuredmedia":[{"embeddable":true,"href":"https:\/\/www.locoxelrojo.com\/independiente\/wp-json\/wp\/v2\/media\/74775"}],"wp:attachment":[{"href":"https:\/\/www.locoxelrojo.com\/independiente\/wp-json\/wp\/v2\/media?parent=74774"}],"wp:term":[{"taxonomy":"category","embeddable":true,"href":"https:\/\/www.locoxelrojo.com\/independiente\/wp-json\/wp\/v2\/categories?post=74774"},{"taxonomy":"post_tag","embeddable":true,"href":"https:\/\/www.locoxelrojo.com\/independiente\/wp-json\/wp\/v2\/tags?post=74774"}],"curies":[{"name":"wp","href":"https:\/\/api.w.org\/{rel}","templated":true}]}}