{"id":74785,"date":"2017-12-29T10:30:47","date_gmt":"2017-12-29T13:30:47","guid":{"rendered":"http:\/\/www.locoxelrojo.com\/independiente\/?p=74785"},"modified":"2017-12-30T01:10:04","modified_gmt":"2017-12-30T04:10:04","slug":"prestados-rojos-bellocq-envion-final","status":"publish","type":"post","link":"https:\/\/www.locoxelrojo.com\/independiente\/2017\/12\/29\/prestados-rojos-bellocq-envion-final\/","title":{"rendered":"Prestados Rojos: Bellocq tom\u00f3 envi\u00f3n sobre el final"},"content":{"rendered":"<p>Otros de los jugadores cedidos por Independiente fue <strong>Franco Bellocq<\/strong>. El mediocampista de 24 a\u00f1os juega desde mitad del 2017 en Olimpo de Bah\u00eda Blanca, aunque <strong>no tuvo muchos minutos en cancha<\/strong>.<\/p>\n<p><strong>El volante no fue tenido en cuenta por Mario Sciacqua<\/strong> y mientras \u00e9l estuvo con el buzo de DT, no pudo pisar el campo de juego. <strong>S\u00f3lo con el arribo de Rub\u00e9n Forestello pudo tener actividad en las \u00faltimas seis fechas de la primera parte de la Superliga<\/strong>, siendo amonestado tres oportunidades.<\/p>\n<p>Pero debido a los malos resultados, Forestello tambi\u00e9n dej\u00f3 su cargo como entrenador del Aurinegro. Ahora, <strong>con Christian Bassedas a la cabeza, los de Bah\u00eda Blanca buscar\u00e1n evitar el descenso y Bellocq, encontrar su lugar entre los titulares<\/strong>.<\/p>\n<p>Cabe recordar que \u00e9l <a href=\"https:\/\/www.locoxelrojo.com\/independiente\/2017\/12\/29\/prestados-rojos-ojeda-semestre-olvido\/\">junto con Sergio Ojeda (tambi\u00e9n prestado a Olimpo)<\/a> <strong>no pudieron jugar inmediatamente luego de ser cedidos debido a la inhibici\u00f3n que cay\u00f3 sobre Independiente de parte del Banco Provincia<\/strong>.<\/p>\n","protected":false},"excerpt":{"rendered":"<p>Otros de los jugadores cedidos por Independiente fue Franco Bellocq. El mediocampista de 24 a\u00f1os juega desde mitad del 2017 en Olimpo de Bah\u00eda Blanca, aunque no tuvo muchos minutos en cancha. El volante no fue tenido en cuenta por Mario Sciacqua y mientras \u00e9l estuvo con el buzo de DT, no pudo pisar el [&hellip;]<\/p>\n","protected":false},"author":16,"featured_media":74786,"comment_status":"open","ping_status":"closed","sticky":false,"template":"","format":"standard","meta":{"_links_to":"","_links_to_target":""},"categories":[3297,3247],"tags":[2232,2688,3298],"_links":{"self":[{"href":"https:\/\/www.locoxelrojo.com\/independiente\/wp-json\/wp\/v2\/posts\/74785"}],"collection":[{"href":"https:\/\/www.locoxelrojo.com\/independiente\/wp-json\/wp\/v2\/posts"}],"about":[{"href":"https:\/\/www.locoxelrojo.com\/independiente\/wp-json\/wp\/v2\/types\/post"}],"author":[{"embeddable":true,"href":"https:\/\/www.locoxelrojo.com\/independiente\/wp-json\/wp\/v2\/users\/16"}],"replies":[{"embeddable":true,"href":"https:\/\/www.locoxelrojo.com\/independiente\/wp-json\/wp\/v2\/comments?post=74785"}],"version-history":[{"count":0,"href":"https:\/\/www.locoxelrojo.com\/independiente\/wp-json\/wp\/v2\/posts\/74785\/revisions"}],"wp:featuredmedia":[{"embeddable":true,"href":"https:\/\/www.locoxelrojo.com\/independiente\/wp-json\/wp\/v2\/media\/74786"}],"wp:attachment":[{"href":"https:\/\/www.locoxelrojo.com\/independiente\/wp-json\/wp\/v2\/media?parent=74785"}],"wp:term":[{"taxonomy":"category","embeddable":true,"href":"https:\/\/www.locoxelrojo.com\/independiente\/wp-json\/wp\/v2\/categories?post=74785"},{"taxonomy":"post_tag","embeddable":true,"href":"https:\/\/www.locoxelrojo.com\/independiente\/wp-json\/wp\/v2\/tags?post=74785"}],"curies":[{"name":"wp","href":"https:\/\/api.w.org\/{rel}","templated":true}]}}