{"id":74843,"date":"2018-01-03T16:15:38","date_gmt":"2018-01-03T19:15:38","guid":{"rendered":"http:\/\/www.locoxelrojo.com\/independiente\/?p=74843"},"modified":"2018-01-04T02:02:42","modified_gmt":"2018-01-04T05:02:42","slug":"nicolas-tagliafico-me-siento-momento-justo-partir","status":"publish","type":"post","link":"https:\/\/www.locoxelrojo.com\/independiente\/2018\/01\/03\/nicolas-tagliafico-me-siento-momento-justo-partir\/","title":{"rendered":"Tagliafico: &#8220;Me siento en un momento justo para partir&#8221;"},"content":{"rendered":"<p><strong>Nicol\u00e1s Tagliafico<\/strong> habl\u00f3 con la prensa antes de subir al avi\u00f3n que lo\u00a0llevar\u00e1 a Holanda, donde sellar\u00e1 su v\u00ednculo con el Ajax por cuatro a\u00f1os, y expres\u00f3 sus sensaciones al respecto.<\/p>\n<p><strong>&#8220;Es raro porque me voy en\u00a0la mejor etapa desde que estoy en el club pero tampoco no hay que dejar pasar las oportunidades. Me siento en un momento justo para partir&#8221;<\/strong>, se\u00f1al\u00f3 el excapit\u00e1n del Rey de Copas.<\/p>\n<p>En ese sentido,\u00a0agreg\u00f3: <strong>&#8220;Estoy feliz por haber conseguido lo que deseaba desde que llegu\u00e9 a Independiente. Ahora\u00a0tengo que viajar, firmar, hacer la revisi\u00f3n y despu\u00e9s quedar\u00e9 a disposici\u00f3n del Ajax&#8221;<\/strong>.<\/p>\n<p>Cuando fue consultado sobre su balance durante su paso por Independiente, Tagliafico contest\u00f3: <strong>&#8220;Me llevo muchas cosas, no solo en lo futbol\u00edstico sino en lo personal. Me hizo madurar un mont\u00f3n este \u00faltimo tiempo tambi\u00e9n siendo capit\u00e1n. Quiz\u00e1s antes pensaba m\u00e1s en m\u00ed y ahora tuve que pensar m\u00e1s en lo grupal&#8221;<\/strong>.<\/p>\n<p>Por \u00faltimo, el lateral de 25 a\u00f1os le dej\u00f3 un mensaje alentador al plantel y al hincha del Rojo: <strong>&#8220;Ojal\u00e1 que puedan levantar las copas que quedan y siga por ese camino ganador que Independiente lo merece&#8221;<\/strong>.<\/p>\n","protected":false},"excerpt":{"rendered":"<p>Nicol\u00e1s Tagliafico habl\u00f3 con la prensa antes de subir al avi\u00f3n que lo\u00a0llevar\u00e1 a Holanda, donde sellar\u00e1 su v\u00ednculo con el Ajax por cuatro a\u00f1os, y expres\u00f3 sus sensaciones al respecto. &#8220;Es raro porque me voy en\u00a0la mejor etapa desde que estoy en el club pero tampoco no hay que dejar pasar las oportunidades. Me [&hellip;]<\/p>\n","protected":false},"author":19,"featured_media":74847,"comment_status":"open","ping_status":"closed","sticky":false,"template":"","format":"standard","meta":{"_links_to":"","_links_to_target":""},"categories":[3280,3247],"tags":[838,153,1600],"_links":{"self":[{"href":"https:\/\/www.locoxelrojo.com\/independiente\/wp-json\/wp\/v2\/posts\/74843"}],"collection":[{"href":"https:\/\/www.locoxelrojo.com\/independiente\/wp-json\/wp\/v2\/posts"}],"about":[{"href":"https:\/\/www.locoxelrojo.com\/independiente\/wp-json\/wp\/v2\/types\/post"}],"author":[{"embeddable":true,"href":"https:\/\/www.locoxelrojo.com\/independiente\/wp-json\/wp\/v2\/users\/19"}],"replies":[{"embeddable":true,"href":"https:\/\/www.locoxelrojo.com\/independiente\/wp-json\/wp\/v2\/comments?post=74843"}],"version-history":[{"count":0,"href":"https:\/\/www.locoxelrojo.com\/independiente\/wp-json\/wp\/v2\/posts\/74843\/revisions"}],"wp:featuredmedia":[{"embeddable":true,"href":"https:\/\/www.locoxelrojo.com\/independiente\/wp-json\/wp\/v2\/media\/74847"}],"wp:attachment":[{"href":"https:\/\/www.locoxelrojo.com\/independiente\/wp-json\/wp\/v2\/media?parent=74843"}],"wp:term":[{"taxonomy":"category","embeddable":true,"href":"https:\/\/www.locoxelrojo.com\/independiente\/wp-json\/wp\/v2\/categories?post=74843"},{"taxonomy":"post_tag","embeddable":true,"href":"https:\/\/www.locoxelrojo.com\/independiente\/wp-json\/wp\/v2\/tags?post=74843"}],"curies":[{"name":"wp","href":"https:\/\/api.w.org\/{rel}","templated":true}]}}