{"id":74958,"date":"2018-01-11T19:18:43","date_gmt":"2018-01-11T22:18:43","guid":{"rendered":"http:\/\/www.locoxelrojo.com\/independiente\/?p=74958"},"modified":"2018-01-12T09:35:58","modified_gmt":"2018-01-12T12:35:58","slug":"incertidumbre-por-federico-mancuello","status":"publish","type":"post","link":"https:\/\/www.locoxelrojo.com\/independiente\/2018\/01\/11\/incertidumbre-por-federico-mancuello\/","title":{"rendered":"Incertidumbre por Mancuello"},"content":{"rendered":"<p>Con el pase de <strong>Federico Mancuello<\/strong> a Cruzeiro, todo parec\u00eda indicar que Flamengo saldar\u00eda la deuda\u00a0que manten\u00eda con\u00a0Independiente. <strong>Sin embargo en las \u00faltimas horas el panorama cambi\u00f3<\/strong>.<\/p>\n<p>Pasado este mediod\u00eda, el Twitter oficial del club de Belo Horizonte confirm\u00f3 la contrataci\u00f3n por tres a\u00f1os del volante surgido de la cantera del Rojo. <strong>Cruzeiro pagar\u00e1 1.800.000 d\u00f3lares por\u00a0el 60% de su pase con una posible renovaci\u00f3n por un a\u00f1o m\u00e1s<\/strong>.<\/p>\n<blockquote class=\"twitter-tweet\" data-lang=\"es\">\n<p dir=\"ltr\" lang=\"pt\">Maior de Minas anuncia a contrata\u00e7\u00e3o de Federico Mancuello.<a href=\"https:\/\/t.co\/GkUDDUXSgU\">https:\/\/t.co\/GkUDDUXSgU<\/a> <a href=\"https:\/\/t.co\/qvdDVOZdwj\">pic.twitter.com\/qvdDVOZdwj<\/a><\/p>\n<p>\u2014 Cruzeiro E. Clube (@Cruzeiro) <a href=\"https:\/\/twitter.com\/Cruzeiro\/status\/951507747811610624?ref_src=twsrc%5Etfw\">11 de enero de 2018<\/a><\/p><\/blockquote>\n<p><script async src=\"https:\/\/platform.twitter.com\/widgets.js\" charset=\"utf-8\"><\/script><\/p>\n<p><strong>Lo cierto es que el subcampe\u00f3n de la Copa Sudamericana le debe al Rey de Copas 850.000 d\u00f3lares a pagar en dos cuotas<\/strong>. Flamengo pretend\u00eda que Cruzeiro se hiciera cargo de esa deuda pero seg\u00fan pudo averiguar LocoXelRojo\u00a0ese\u00a0aspecto todav\u00eda\u00a0no est\u00e1 resuelto. \u00bfQui\u00e9n se terminar\u00e1 haciendo cargo?<\/p>\n","protected":false},"excerpt":{"rendered":"<p>Con el pase de Federico Mancuello a Cruzeiro, todo parec\u00eda indicar que Flamengo saldar\u00eda la deuda\u00a0que manten\u00eda con\u00a0Independiente. Sin embargo en las \u00faltimas horas el panorama cambi\u00f3. Pasado este mediod\u00eda, el Twitter oficial del club de Belo Horizonte confirm\u00f3 la contrataci\u00f3n por tres a\u00f1os del volante surgido de la cantera del Rojo. Cruzeiro pagar\u00e1 1.800.000 [&hellip;]<\/p>\n","protected":false},"author":19,"featured_media":74959,"comment_status":"open","ping_status":"closed","sticky":false,"template":"","format":"standard","meta":{"_links_to":"","_links_to_target":""},"categories":[3280,3247],"tags":[153,957,48,3134],"_links":{"self":[{"href":"https:\/\/www.locoxelrojo.com\/independiente\/wp-json\/wp\/v2\/posts\/74958"}],"collection":[{"href":"https:\/\/www.locoxelrojo.com\/independiente\/wp-json\/wp\/v2\/posts"}],"about":[{"href":"https:\/\/www.locoxelrojo.com\/independiente\/wp-json\/wp\/v2\/types\/post"}],"author":[{"embeddable":true,"href":"https:\/\/www.locoxelrojo.com\/independiente\/wp-json\/wp\/v2\/users\/19"}],"replies":[{"embeddable":true,"href":"https:\/\/www.locoxelrojo.com\/independiente\/wp-json\/wp\/v2\/comments?post=74958"}],"version-history":[{"count":0,"href":"https:\/\/www.locoxelrojo.com\/independiente\/wp-json\/wp\/v2\/posts\/74958\/revisions"}],"wp:featuredmedia":[{"embeddable":true,"href":"https:\/\/www.locoxelrojo.com\/independiente\/wp-json\/wp\/v2\/media\/74959"}],"wp:attachment":[{"href":"https:\/\/www.locoxelrojo.com\/independiente\/wp-json\/wp\/v2\/media?parent=74958"}],"wp:term":[{"taxonomy":"category","embeddable":true,"href":"https:\/\/www.locoxelrojo.com\/independiente\/wp-json\/wp\/v2\/categories?post=74958"},{"taxonomy":"post_tag","embeddable":true,"href":"https:\/\/www.locoxelrojo.com\/independiente\/wp-json\/wp\/v2\/tags?post=74958"}],"curies":[{"name":"wp","href":"https:\/\/api.w.org\/{rel}","templated":true}]}}