{"id":75012,"date":"2018-01-13T19:40:17","date_gmt":"2018-01-13T22:40:17","guid":{"rendered":"http:\/\/www.locoxelrojo.com\/independiente\/?p=75012"},"modified":"2018-01-14T02:35:24","modified_gmt":"2018-01-14T05:35:24","slug":"lammens-puso-precio-belluschi","status":"publish","type":"post","link":"https:\/\/www.locoxelrojo.com\/independiente\/2018\/01\/13\/lammens-puso-precio-belluschi\/","title":{"rendered":"Lammens le puso precio a Belluschi"},"content":{"rendered":"<p><strong>Mat\u00edas Lammens trat\u00f3 de frenar <a href=\"https:\/\/www.locoxelrojo.com\/independiente\/2018\/01\/12\/no-se-da-vencido-2\/\">los rumores sobre la salida de Fernando Belluschi<\/a> poni\u00e9ndole un precio muy alto al volante de San Lorenzo.<\/strong><\/p>\n<p><strong>\u201cSi llega una oferta de 7 u 8 millones de d\u00f3lares no sentaremos a hablar\u201d<\/strong>, dispar\u00f3 el presidente de San Lorenzo en di\u00e1logo con TyC Sports. <strong>\u201cQueremos contar con Fernando. Ya se lo hemos manifestado a \u00e9l y nuestra idea es que no se vaya&#8221;<\/strong>, agreg\u00f3.<\/p>\n<p>Belluschi es el jugador m\u00e1s pedido por Ariel Holan, casi una obsesi\u00f3n del entrenador. En m\u00e1s de una oportunidad pudieron cruzarse en el hotel (San Lorenzo e Independiente lo comparten en la pretemporada) y pudieron conversar.<strong> El t\u00e9cnico le dijo que lo quer\u00eda y el jugador se mostr\u00f3 muy entusiasmado<\/strong>.<\/p>\n<p>Mientras en San Lorenzo buscan blindar medi\u00e1ticamente a Belluschi y se protegen de lo que puedan pensar sus hinchas, <strong>en Avellaneda est\u00e1n muy confiados y aseguran que el jugador se pondr\u00e1 la roja, pero no pagar\u00e1n esas cifras<\/strong>.<\/p>\n","protected":false},"excerpt":{"rendered":"<p>Mat\u00edas Lammens trat\u00f3 de frenar los rumores sobre la salida de Fernando Belluschi poni\u00e9ndole un precio muy alto al volante de San Lorenzo. \u201cSi llega una oferta de 7 u 8 millones de d\u00f3lares no sentaremos a hablar\u201d, dispar\u00f3 el presidente de San Lorenzo en di\u00e1logo con TyC Sports. \u201cQueremos contar con Fernando. Ya se [&hellip;]<\/p>\n","protected":false},"author":1,"featured_media":75013,"comment_status":"open","ping_status":"closed","sticky":false,"template":"","format":"standard","meta":{"_links_to":"","_links_to_target":""},"categories":[3280,3247],"tags":[153,3726,1848,382],"_links":{"self":[{"href":"https:\/\/www.locoxelrojo.com\/independiente\/wp-json\/wp\/v2\/posts\/75012"}],"collection":[{"href":"https:\/\/www.locoxelrojo.com\/independiente\/wp-json\/wp\/v2\/posts"}],"about":[{"href":"https:\/\/www.locoxelrojo.com\/independiente\/wp-json\/wp\/v2\/types\/post"}],"author":[{"embeddable":true,"href":"https:\/\/www.locoxelrojo.com\/independiente\/wp-json\/wp\/v2\/users\/1"}],"replies":[{"embeddable":true,"href":"https:\/\/www.locoxelrojo.com\/independiente\/wp-json\/wp\/v2\/comments?post=75012"}],"version-history":[{"count":0,"href":"https:\/\/www.locoxelrojo.com\/independiente\/wp-json\/wp\/v2\/posts\/75012\/revisions"}],"wp:featuredmedia":[{"embeddable":true,"href":"https:\/\/www.locoxelrojo.com\/independiente\/wp-json\/wp\/v2\/media\/75013"}],"wp:attachment":[{"href":"https:\/\/www.locoxelrojo.com\/independiente\/wp-json\/wp\/v2\/media?parent=75012"}],"wp:term":[{"taxonomy":"category","embeddable":true,"href":"https:\/\/www.locoxelrojo.com\/independiente\/wp-json\/wp\/v2\/categories?post=75012"},{"taxonomy":"post_tag","embeddable":true,"href":"https:\/\/www.locoxelrojo.com\/independiente\/wp-json\/wp\/v2\/tags?post=75012"}],"curies":[{"name":"wp","href":"https:\/\/api.w.org\/{rel}","templated":true}]}}