{"id":75035,"date":"2018-01-15T22:30:12","date_gmt":"2018-01-16T01:30:12","guid":{"rendered":"http:\/\/www.locoxelrojo.com\/independiente\/?p=75035"},"modified":"2018-01-16T00:26:52","modified_gmt":"2018-01-16T03:26:52","slug":"fernando-hidalgo-no-esta-al-tanto-la-negociacion","status":"publish","type":"post","link":"https:\/\/www.locoxelrojo.com\/independiente\/2018\/01\/15\/fernando-hidalgo-no-esta-al-tanto-la-negociacion\/","title":{"rendered":"\u00bfHidalgo no est\u00e1 al tanto de la negociaci\u00f3n?"},"content":{"rendered":"<p><strong>Fernando Hidalgo<\/strong>,\u00a0agente de Fernando Belluschi y Ariel Holan, dio declaraciones sobre las situaciones contractuales de sus dos representados, y como vienen las negociaciones entre el Rojo y San Lorenzo por el mediocampista.<\/p>\n<p><strong>&#8220;No hay nada cierto por Belluschi.\u00a0Lo \u00fanico es que hace unos d\u00edas hubo una comunicaci\u00f3n, pero Matias Lammens\u00a0manifest\u00f3\u00a0que no tiene intenciones de desprenderse del jugador&#8221;<\/strong>, explic\u00f3 el representante en dialogo con Closs Continental.<\/p>\n<p>Y luego, para sorpresa de muchos, Hidalgo reconoci\u00f3: <strong>&#8220;La verdad es que no s\u00e9 de d\u00f3nde salieron esos rumores.\u00a0Hoy estuve casi toda la tarde con Fernando (Belluschi) y no hemos hablado absolutamente nada del tema de una posible venta. Creo que es algo que se instal\u00f3 m\u00e1s por los medios que por otro lado. Es dif\u00edcil saber cu\u00e1l es el valor del futbolista&#8221;<\/strong>.<\/p>\n<p>Para cerrar el asunto sobre todo el revuelo que tomaron las negociaciones de la entidad de Avellaneda por el jugador lanz\u00f3: <strong>&#8220;Hay ciertas operaciones que muchas veces se hacen muy medi\u00e1ticas y hay que tener mucho cuidado con las cosas que se dicen; generalmente estas situaciones se suelen dar para fijar un precio. Hay que ser cuidadosos&#8221;<\/strong>.<\/p>\n<p>Mientras que sobre su otro representado, el director t\u00e9cnico del Rojo, Hidalgo expres\u00f3: <strong>&#8220;Holan ten\u00eda chances de irse afuera y \u00e9l no quiso tomar la oferta millonaria. Pasaron muchas cosas que no se dijeron, evalu\u00f3 su decisi\u00f3n y se qued\u00f3 en Independiente&#8221;<\/strong>.<\/p>\n","protected":false},"excerpt":{"rendered":"<p>Fernando Hidalgo,\u00a0agente de Fernando Belluschi y Ariel Holan, dio declaraciones sobre las situaciones contractuales de sus dos representados, y como vienen las negociaciones entre el Rojo y San Lorenzo por el mediocampista. &#8220;No hay nada cierto por Belluschi.\u00a0Lo \u00fanico es que hace unos d\u00edas hubo una comunicaci\u00f3n, pero Matias Lammens\u00a0manifest\u00f3\u00a0que no tiene intenciones de desprenderse [&hellip;]<\/p>\n","protected":false},"author":25,"featured_media":75036,"comment_status":"open","ping_status":"closed","sticky":false,"template":"","format":"standard","meta":{"_links_to":"","_links_to_target":""},"categories":[3280,3247],"tags":[2998,3726,1955],"_links":{"self":[{"href":"https:\/\/www.locoxelrojo.com\/independiente\/wp-json\/wp\/v2\/posts\/75035"}],"collection":[{"href":"https:\/\/www.locoxelrojo.com\/independiente\/wp-json\/wp\/v2\/posts"}],"about":[{"href":"https:\/\/www.locoxelrojo.com\/independiente\/wp-json\/wp\/v2\/types\/post"}],"author":[{"embeddable":true,"href":"https:\/\/www.locoxelrojo.com\/independiente\/wp-json\/wp\/v2\/users\/25"}],"replies":[{"embeddable":true,"href":"https:\/\/www.locoxelrojo.com\/independiente\/wp-json\/wp\/v2\/comments?post=75035"}],"version-history":[{"count":0,"href":"https:\/\/www.locoxelrojo.com\/independiente\/wp-json\/wp\/v2\/posts\/75035\/revisions"}],"wp:featuredmedia":[{"embeddable":true,"href":"https:\/\/www.locoxelrojo.com\/independiente\/wp-json\/wp\/v2\/media\/75036"}],"wp:attachment":[{"href":"https:\/\/www.locoxelrojo.com\/independiente\/wp-json\/wp\/v2\/media?parent=75035"}],"wp:term":[{"taxonomy":"category","embeddable":true,"href":"https:\/\/www.locoxelrojo.com\/independiente\/wp-json\/wp\/v2\/categories?post=75035"},{"taxonomy":"post_tag","embeddable":true,"href":"https:\/\/www.locoxelrojo.com\/independiente\/wp-json\/wp\/v2\/tags?post=75035"}],"curies":[{"name":"wp","href":"https:\/\/api.w.org\/{rel}","templated":true}]}}