{"id":75055,"date":"2018-01-17T16:43:04","date_gmt":"2018-01-17T19:43:04","guid":{"rendered":"http:\/\/www.locoxelrojo.com\/independiente\/?p=75055"},"modified":"2018-01-17T16:43:04","modified_gmt":"2018-01-17T19:43:04","slug":"prepara-el-clasico","status":"publish","type":"post","link":"https:\/\/www.locoxelrojo.com\/independiente\/2018\/01\/17\/prepara-el-clasico\/","title":{"rendered":"Prepara el cl\u00e1sico"},"content":{"rendered":"<p>Independiente sigue con los trabajos de pretemporada en Ezeiza. <strong>Ariel Holan par\u00f3 un probable equipo pensando en el cl\u00e1sico del viernes y en el arranque de la Superliga.<\/strong><\/p>\n<p>Este mi\u00e9rcoles Independiente se entren\u00f3 en el predio de la AFA. El t\u00e9cnico aprovech\u00f3 la ma\u00f1ana para realizar diferentes ejercicios t\u00e1cticos con los probables titulares para el partido de este viernes con Racing en Mar del Plata. <strong>La principal novedad fue una l\u00ednea de tres en el fondo, que cu\u00e1ndo defend\u00eda se convert\u00eda en l\u00ednea de 5.<\/strong><\/p>\n<p><strong>Mart\u00edn Campa\u00f1a; Alan Franco, Nicol\u00e1s Figal, Fern\u00e1ndo Amorebieta; Fabricio Bustos, Diego Rodr\u00edguez Berrini, Maximiliano Meza, Gast\u00f3n Silva; Leandro Fern\u00e1ndez, Emmanuel Gigliotti y Mart\u00edn Ben\u00edtez<\/strong>, fueron los once elegidos por el DT.<\/p>\n<p>Por su parte, <strong>Ezequiel Denis y Gonzalo Rehak contin\u00faan recuper\u00e1ndose de sus respectivas lesiones.<\/strong><\/p>\n<blockquote class=\"twitter-tweet\" data-lang=\"es\">\n<p dir=\"ltr\" lang=\"es\">&#x1f4cc; Parte m\u00e9dico<\/p>\n<p>Ezequiel Denis (esguince de tobillo) y Gonzalo Rehak (desgarro) contin\u00faan sus procesos de recuperaci\u00f3n y entrenaron diferenciados. <a href=\"https:\/\/t.co\/tK8QZg8RF3\">pic.twitter.com\/tK8QZg8RF3<\/a><\/p>\n<p>\u2014 C. A. Independiente (@Independiente) <a href=\"https:\/\/twitter.com\/Independiente\/status\/953649022534897666?ref_src=twsrc%5Etfw\">17 de enero de 2018<\/a><\/p><\/blockquote>\n<p><script async src=\"https:\/\/platform.twitter.com\/widgets.js\" charset=\"utf-8\"><\/script><\/p>\n","protected":false},"excerpt":{"rendered":"<p>Independiente sigue con los trabajos de pretemporada en Ezeiza. Ariel Holan par\u00f3 un probable equipo pensando en el cl\u00e1sico del viernes y en el arranque de la Superliga. Este mi\u00e9rcoles Independiente se entren\u00f3 en el predio de la AFA. El t\u00e9cnico aprovech\u00f3 la ma\u00f1ana para realizar diferentes ejercicios t\u00e1cticos con los probables titulares para el [&hellip;]<\/p>\n","protected":false},"author":1,"featured_media":75056,"comment_status":"open","ping_status":"closed","sticky":false,"template":"","format":"standard","meta":{"_links_to":"","_links_to_target":""},"categories":[3247,3],"tags":[218,153,967,3740],"_links":{"self":[{"href":"https:\/\/www.locoxelrojo.com\/independiente\/wp-json\/wp\/v2\/posts\/75055"}],"collection":[{"href":"https:\/\/www.locoxelrojo.com\/independiente\/wp-json\/wp\/v2\/posts"}],"about":[{"href":"https:\/\/www.locoxelrojo.com\/independiente\/wp-json\/wp\/v2\/types\/post"}],"author":[{"embeddable":true,"href":"https:\/\/www.locoxelrojo.com\/independiente\/wp-json\/wp\/v2\/users\/1"}],"replies":[{"embeddable":true,"href":"https:\/\/www.locoxelrojo.com\/independiente\/wp-json\/wp\/v2\/comments?post=75055"}],"version-history":[{"count":0,"href":"https:\/\/www.locoxelrojo.com\/independiente\/wp-json\/wp\/v2\/posts\/75055\/revisions"}],"wp:featuredmedia":[{"embeddable":true,"href":"https:\/\/www.locoxelrojo.com\/independiente\/wp-json\/wp\/v2\/media\/75056"}],"wp:attachment":[{"href":"https:\/\/www.locoxelrojo.com\/independiente\/wp-json\/wp\/v2\/media?parent=75055"}],"wp:term":[{"taxonomy":"category","embeddable":true,"href":"https:\/\/www.locoxelrojo.com\/independiente\/wp-json\/wp\/v2\/categories?post=75055"},{"taxonomy":"post_tag","embeddable":true,"href":"https:\/\/www.locoxelrojo.com\/independiente\/wp-json\/wp\/v2\/tags?post=75055"}],"curies":[{"name":"wp","href":"https:\/\/api.w.org\/{rel}","templated":true}]}}