{"id":75085,"date":"2018-01-19T23:37:42","date_gmt":"2018-01-20T02:37:42","guid":{"rendered":"http:\/\/www.locoxelrojo.com\/independiente\/?p=75085"},"modified":"2018-01-20T19:35:27","modified_gmt":"2018-01-20T22:35:27","slug":"bustos-partidos-sirven-sumar-minutos","status":"publish","type":"post","link":"https:\/\/www.locoxelrojo.com\/independiente\/2018\/01\/19\/bustos-partidos-sirven-sumar-minutos\/","title":{"rendered":"Bustos: &#8220;Estos partidos sirven para sumar minutos&#8221;"},"content":{"rendered":"<p><strong>Fabricio Bustos habl\u00f3 con la prensa tras vencer a Racing en Mar del Plata y confirm\u00f3 que el amistoso les vino bien para llegar m\u00e1s aceitados al duelo contra Rosario Central.<\/strong><\/p>\n<p><strong>&#8220;Por ah\u00ed nos quedamos un poco en el segundo tiempo, pero estos partidos sirven para tomar minutos y arrancar bien el mi\u00e9rcoles contra Central&#8221;<\/strong>, arranc\u00f3 el Tractor a la salida de los vestuarios.<\/p>\n<p>En un momento de autocr\u00edtica, manifest\u00f3 que a\u00fan siente que le falta para llegar al mismo nivel que tuvo antes de la lesi\u00f3n. <strong>&#8220;No termin\u00e9 el a\u00f1o de la mejor manera, pero mi objetivo es volver a estar al 100%, al que mostr\u00e9 en el anterior semestre&#8221;<\/strong>, desliz\u00f3.<\/p>\n<p>Por \u00faltimo, se refiri\u00f3 a los jugadores que se fueron de Independiente en este mercado de pases. <strong>&#8220;Son bajas muy importantes. Nico (Tagliafico) era nuestro capit\u00e1n y Eze (Barco) ten\u00eda un desequilibrio tremendo, pero tenemos un plantel para seguir peleando arriba y todo lo que nos propongamos en este semestre&#8221;<\/strong>, concluy\u00f3.<\/p>\n","protected":false},"excerpt":{"rendered":"<p>Fabricio Bustos habl\u00f3 con la prensa tras vencer a Racing en Mar del Plata y confirm\u00f3 que el amistoso les vino bien para llegar m\u00e1s aceitados al duelo contra Rosario Central. &#8220;Por ah\u00ed nos quedamos un poco en el segundo tiempo, pero estos partidos sirven para tomar minutos y arrancar bien el mi\u00e9rcoles contra Central&#8221;, [&hellip;]<\/p>\n","protected":false},"author":16,"featured_media":75087,"comment_status":"open","ping_status":"closed","sticky":false,"template":"","format":"standard","meta":{"_links_to":"","_links_to_target":""},"categories":[3247,3],"tags":[153,1027,1994],"_links":{"self":[{"href":"https:\/\/www.locoxelrojo.com\/independiente\/wp-json\/wp\/v2\/posts\/75085"}],"collection":[{"href":"https:\/\/www.locoxelrojo.com\/independiente\/wp-json\/wp\/v2\/posts"}],"about":[{"href":"https:\/\/www.locoxelrojo.com\/independiente\/wp-json\/wp\/v2\/types\/post"}],"author":[{"embeddable":true,"href":"https:\/\/www.locoxelrojo.com\/independiente\/wp-json\/wp\/v2\/users\/16"}],"replies":[{"embeddable":true,"href":"https:\/\/www.locoxelrojo.com\/independiente\/wp-json\/wp\/v2\/comments?post=75085"}],"version-history":[{"count":0,"href":"https:\/\/www.locoxelrojo.com\/independiente\/wp-json\/wp\/v2\/posts\/75085\/revisions"}],"wp:featuredmedia":[{"embeddable":true,"href":"https:\/\/www.locoxelrojo.com\/independiente\/wp-json\/wp\/v2\/media\/75087"}],"wp:attachment":[{"href":"https:\/\/www.locoxelrojo.com\/independiente\/wp-json\/wp\/v2\/media?parent=75085"}],"wp:term":[{"taxonomy":"category","embeddable":true,"href":"https:\/\/www.locoxelrojo.com\/independiente\/wp-json\/wp\/v2\/categories?post=75085"},{"taxonomy":"post_tag","embeddable":true,"href":"https:\/\/www.locoxelrojo.com\/independiente\/wp-json\/wp\/v2\/tags?post=75085"}],"curies":[{"name":"wp","href":"https:\/\/api.w.org\/{rel}","templated":true}]}}