{"id":75096,"date":"2018-01-19T22:30:59","date_gmt":"2018-01-20T01:30:59","guid":{"rendered":"http:\/\/www.locoxelrojo.com\/independiente\/?p=75096"},"modified":"2018-01-20T19:34:59","modified_gmt":"2018-01-20T22:34:59","slug":"volvio-figal-1","status":"publish","type":"post","link":"https:\/\/www.locoxelrojo.com\/independiente\/2018\/01\/19\/volvio-figal-1\/","title":{"rendered":"Volvi\u00f3 Figal"},"content":{"rendered":"<p><strong>Despu\u00e9s de estar m\u00e1s de nueve meses suspendido, finalmente Nicol\u00e1s Figal regres\u00f3 a la Primera de Independiente. El defensor jug\u00f3 los \u00faltimos veinte minutos en el cl\u00e1sico ante Racing y cometi\u00f3 un grave error.<\/strong><\/p>\n<p>El 4 de abril de 2017 fue la \u00faltima vez que Nicolas Figal hab\u00eda jugado oficialmente con la camiseta de Independiente. <strong>Esa noche, el defensor dio positivo en el control antidoping ante Alianza Lima por la Copa Sudamericana y fue suspendido por nueve meses por parte de la Conmebol.<\/strong><\/p>\n<p>Sin embargo, el pasado 4 de enero esa sanci\u00f3n finaliz\u00f3 y el central del Rojo qued\u00f3 nuevamente habilitado para disputar partidos. <strong>Y este viernes por la noche, tras la lesi\u00f3n de Alan Franco, el defensor ingres\u00f3 a falta de viente minutos y tuvo una importante equivocaci\u00f3n en el segundo gol de la Academia.\u00a0<\/strong><\/p>\n","protected":false},"excerpt":{"rendered":"<p>Despu\u00e9s de estar m\u00e1s de nueve meses suspendido, finalmente Nicol\u00e1s Figal regres\u00f3 a la Primera de Independiente. El defensor jug\u00f3 los \u00faltimos veinte minutos en el cl\u00e1sico ante Racing y cometi\u00f3 un grave error. El 4 de abril de 2017 fue la \u00faltima vez que Nicolas Figal hab\u00eda jugado oficialmente con la camiseta de Independiente. [&hellip;]<\/p>\n","protected":false},"author":14,"featured_media":75097,"comment_status":"open","ping_status":"closed","sticky":false,"template":"","format":"standard","meta":{"_links_to":"","_links_to_target":""},"categories":[3247,3],"tags":[153,2625,1994],"_links":{"self":[{"href":"https:\/\/www.locoxelrojo.com\/independiente\/wp-json\/wp\/v2\/posts\/75096"}],"collection":[{"href":"https:\/\/www.locoxelrojo.com\/independiente\/wp-json\/wp\/v2\/posts"}],"about":[{"href":"https:\/\/www.locoxelrojo.com\/independiente\/wp-json\/wp\/v2\/types\/post"}],"author":[{"embeddable":true,"href":"https:\/\/www.locoxelrojo.com\/independiente\/wp-json\/wp\/v2\/users\/14"}],"replies":[{"embeddable":true,"href":"https:\/\/www.locoxelrojo.com\/independiente\/wp-json\/wp\/v2\/comments?post=75096"}],"version-history":[{"count":0,"href":"https:\/\/www.locoxelrojo.com\/independiente\/wp-json\/wp\/v2\/posts\/75096\/revisions"}],"wp:featuredmedia":[{"embeddable":true,"href":"https:\/\/www.locoxelrojo.com\/independiente\/wp-json\/wp\/v2\/media\/75097"}],"wp:attachment":[{"href":"https:\/\/www.locoxelrojo.com\/independiente\/wp-json\/wp\/v2\/media?parent=75096"}],"wp:term":[{"taxonomy":"category","embeddable":true,"href":"https:\/\/www.locoxelrojo.com\/independiente\/wp-json\/wp\/v2\/categories?post=75096"},{"taxonomy":"post_tag","embeddable":true,"href":"https:\/\/www.locoxelrojo.com\/independiente\/wp-json\/wp\/v2\/tags?post=75096"}],"curies":[{"name":"wp","href":"https:\/\/api.w.org\/{rel}","templated":true}]}}