{"id":75118,"date":"2018-01-21T18:10:58","date_gmt":"2018-01-21T21:10:58","guid":{"rendered":"http:\/\/www.locoxelrojo.com\/independiente\/?p=75118"},"modified":"2018-01-22T00:39:24","modified_gmt":"2018-01-22T03:39:24","slug":"jugadores-regresaron-tras-la-victoria-clasica","status":"publish","type":"post","link":"https:\/\/www.locoxelrojo.com\/independiente\/2018\/01\/21\/jugadores-regresaron-tras-la-victoria-clasica\/","title":{"rendered":"Regresaron tras la victoria cl\u00e1sica"},"content":{"rendered":"<p><strong>El plantel de Independiente retorno a los entrenamientos<\/strong> en Ezeiza pensando ya en lo que ser\u00e1 el encuentro frente a Rosario Central el pr\u00f3ximo mi\u00e9rcoles, partido postergado de la fecha 11 de la Superliga.<\/p>\n<p><strong><a href=\"https:\/\/www.locoxelrojo.com\/independiente\/2018\/01\/19\/dueno-verano\/\">Los jugadores que disputaron el amistoso frente a Racing<\/a> realizaron movimientos f\u00edsicos regenerativos en el gimnasio y campo de juego, mientras que los que no viajaron a Mar del Plata hicieron ejercicios t\u00e1cticos.<\/strong><\/p>\n<blockquote class=\"twitter-video\" data-lang=\"es\">\n<p dir=\"ltr\" lang=\"es\">\u00a1Buen d\u00eda, <a href=\"https:\/\/twitter.com\/hashtag\/Independiente?src=hash&amp;ref_src=twsrc%5Etfw\">#Independiente<\/a>!<\/p>\n<p>El plantel profesional ya entrena en Ezeiza. Cada vez falta menos para volver a ver al Rey de Copas. <a href=\"https:\/\/twitter.com\/hashtag\/TodoRojo?src=hash&amp;ref_src=twsrc%5Etfw\">#TodoRojo<\/a> &#x1f534; <a href=\"https:\/\/t.co\/UeYvGnJgoT\">pic.twitter.com\/UeYvGnJgoT<\/a><\/p>\n<p>\u2014 C. A. Independiente (@Independiente) <a href=\"https:\/\/twitter.com\/Independiente\/status\/955065971382857728?ref_src=twsrc%5Etfw\">21 de enero de 2018<\/a><\/p><\/blockquote>\n<p><script async src=\"https:\/\/platform.twitter.com\/widgets.js\" charset=\"utf-8\"><\/script><\/p>\n<p>Por otro lado, Alan Franco realiz\u00f3 trabajos diferenciados debido a <a href=\"https:\/\/www.locoxelrojo.com\/independiente\/2018\/01\/21\/partidos-se-pierde-franco\/\">una distensi\u00f3n en su gemelo izquierdo<\/a>.<\/p>\n<p>Ma\u00f1ana los jugadores de Independiente tendr\u00e1n un nuevo entrenamiento en el predio de la Asociaci\u00f3n del F\u00fatbol Argentino, el cual ser\u00e1 a puertas cerradas.<\/p>\n","protected":false},"excerpt":{"rendered":"<p>El plantel de Independiente retorno a los entrenamientos en Ezeiza pensando ya en lo que ser\u00e1 el encuentro frente a Rosario Central el pr\u00f3ximo mi\u00e9rcoles, partido postergado de la fecha 11 de la Superliga. Los jugadores que disputaron el amistoso frente a Racing realizaron movimientos f\u00edsicos regenerativos en el gimnasio y campo de juego, mientras [&hellip;]<\/p>\n","protected":false},"author":24,"featured_media":75119,"comment_status":"open","ping_status":"closed","sticky":false,"template":"","format":"standard","meta":{"_links_to":"","_links_to_target":""},"categories":[3247,3],"tags":[218,3231,153,26,967],"_links":{"self":[{"href":"https:\/\/www.locoxelrojo.com\/independiente\/wp-json\/wp\/v2\/posts\/75118"}],"collection":[{"href":"https:\/\/www.locoxelrojo.com\/independiente\/wp-json\/wp\/v2\/posts"}],"about":[{"href":"https:\/\/www.locoxelrojo.com\/independiente\/wp-json\/wp\/v2\/types\/post"}],"author":[{"embeddable":true,"href":"https:\/\/www.locoxelrojo.com\/independiente\/wp-json\/wp\/v2\/users\/24"}],"replies":[{"embeddable":true,"href":"https:\/\/www.locoxelrojo.com\/independiente\/wp-json\/wp\/v2\/comments?post=75118"}],"version-history":[{"count":0,"href":"https:\/\/www.locoxelrojo.com\/independiente\/wp-json\/wp\/v2\/posts\/75118\/revisions"}],"wp:featuredmedia":[{"embeddable":true,"href":"https:\/\/www.locoxelrojo.com\/independiente\/wp-json\/wp\/v2\/media\/75119"}],"wp:attachment":[{"href":"https:\/\/www.locoxelrojo.com\/independiente\/wp-json\/wp\/v2\/media?parent=75118"}],"wp:term":[{"taxonomy":"category","embeddable":true,"href":"https:\/\/www.locoxelrojo.com\/independiente\/wp-json\/wp\/v2\/categories?post=75118"},{"taxonomy":"post_tag","embeddable":true,"href":"https:\/\/www.locoxelrojo.com\/independiente\/wp-json\/wp\/v2\/tags?post=75118"}],"curies":[{"name":"wp","href":"https:\/\/api.w.org\/{rel}","templated":true}]}}