{"id":75120,"date":"2018-01-21T18:49:10","date_gmt":"2018-01-21T21:49:10","guid":{"rendered":"http:\/\/www.locoxelrojo.com\/independiente\/?p=75120"},"modified":"2018-01-22T00:39:40","modified_gmt":"2018-01-22T03:39:40","slug":"los-rojos-mundo-tagliafico-debuto-la-rompio-ajax","status":"publish","type":"post","link":"https:\/\/www.locoxelrojo.com\/independiente\/2018\/01\/21\/los-rojos-mundo-tagliafico-debuto-la-rompio-ajax\/","title":{"rendered":"Rojos por el Mundo: Tagliafico debut\u00f3 y la rompi\u00f3 en el Ajax"},"content":{"rendered":"<p><strong>Un s\u00f3lo partido necesit\u00f3 Nicol\u00e1s Tagliafico para ser figura en el Ajax.<\/strong> No es que sorprenda, por su gran nivel y jerarqu\u00eda que demostr\u00f3 en Independiente, pero al lateral le alcanzaron 89 minutos para ser ovacionado por todo \u00c1msterdam Arena y demostrar por qu\u00e9 lleg\u00f3 a Europa.<\/p>\n<blockquote class=\"twitter-tweet\" data-lang=\"es\">\n<p dir=\"ltr\" lang=\"en\">Here\u2019s our Man of the Match! &#x1f44f;<\/p>\n<p>&#x1f1e6;&#x1f1f7; <a href=\"https:\/\/twitter.com\/nico_taglia?ref_src=twsrc%5Etfw\">@nico_taglia<\/a> &#x1f1e6;&#x1f1f7;<a href=\"https:\/\/twitter.com\/hashtag\/Klassieker?src=hash&amp;ref_src=twsrc%5Etfw\">#Klassieker<\/a> <a href=\"https:\/\/twitter.com\/hashtag\/feyaja?src=hash&amp;ref_src=twsrc%5Etfw\">#feyaja<\/a> <a href=\"https:\/\/t.co\/G3suToiPH0\">pic.twitter.com\/G3suToiPH0<\/a><\/p>\n<p>\u2014 AFC Ajax (@AFCAjax) <a href=\"https:\/\/twitter.com\/AFCAjax\/status\/955111691846594560?ref_src=twsrc%5Etfw\">21 de enero de 2018<\/a><\/p><\/blockquote>\n<p><script async src=\"https:\/\/platform.twitter.com\/widgets.js\" charset=\"utf-8\"><\/script><\/p>\n<p>Este domingo tuvo su debut oficial nada m\u00e1s y nada menos que en el cl\u00e1sico holand\u00e9s contra el Feyenoord y el excapit\u00e1n campe\u00f3n con Independiente no decepcion\u00f3. <strong>Aparte de dejar todo en la cancha, se dio el gusto de realizar la asistencia en el primer gol del local en la victoria 2-0.<\/strong><\/p>\n<p>Tal fue el partido de Nico, que a falta de un minuto para que finalice, <strong>Erik ten Hag (DT del Ajax) decidi\u00f3 sustituirlo para que reciba su merecida ovaci\u00f3n de los cuatro costados de la cancha.<\/strong><\/p>\n<p><iframe loading=\"lazy\" src=\"http:\/\/www.espn.com.ar\/core\/video\/iframe?id=3901867&amp;endcard=false\" width=\"640\" height=\"360\" frameborder=\"0\" allowfullscreen=\"allowfullscreen\"><\/iframe><\/p>\n<p><strong>\u00a1Grande, Taglia!<\/strong><\/p>\n","protected":false},"excerpt":{"rendered":"<p>Un s\u00f3lo partido necesit\u00f3 Nicol\u00e1s Tagliafico para ser figura en el Ajax. No es que sorprenda, por su gran nivel y jerarqu\u00eda que demostr\u00f3 en Independiente, pero al lateral le alcanzaron 89 minutos para ser ovacionado por todo \u00c1msterdam Arena y demostrar por qu\u00e9 lleg\u00f3 a Europa. Here\u2019s our Man of the Match! &#x1f44f; &#x1f1e6;&#x1f1f7; [&hellip;]<\/p>\n","protected":false},"author":16,"featured_media":75121,"comment_status":"open","ping_status":"closed","sticky":false,"template":"","format":"standard","meta":{"_links_to":"","_links_to_target":""},"categories":[2043,3247],"tags":[838,1600],"_links":{"self":[{"href":"https:\/\/www.locoxelrojo.com\/independiente\/wp-json\/wp\/v2\/posts\/75120"}],"collection":[{"href":"https:\/\/www.locoxelrojo.com\/independiente\/wp-json\/wp\/v2\/posts"}],"about":[{"href":"https:\/\/www.locoxelrojo.com\/independiente\/wp-json\/wp\/v2\/types\/post"}],"author":[{"embeddable":true,"href":"https:\/\/www.locoxelrojo.com\/independiente\/wp-json\/wp\/v2\/users\/16"}],"replies":[{"embeddable":true,"href":"https:\/\/www.locoxelrojo.com\/independiente\/wp-json\/wp\/v2\/comments?post=75120"}],"version-history":[{"count":0,"href":"https:\/\/www.locoxelrojo.com\/independiente\/wp-json\/wp\/v2\/posts\/75120\/revisions"}],"wp:featuredmedia":[{"embeddable":true,"href":"https:\/\/www.locoxelrojo.com\/independiente\/wp-json\/wp\/v2\/media\/75121"}],"wp:attachment":[{"href":"https:\/\/www.locoxelrojo.com\/independiente\/wp-json\/wp\/v2\/media?parent=75120"}],"wp:term":[{"taxonomy":"category","embeddable":true,"href":"https:\/\/www.locoxelrojo.com\/independiente\/wp-json\/wp\/v2\/categories?post=75120"},{"taxonomy":"post_tag","embeddable":true,"href":"https:\/\/www.locoxelrojo.com\/independiente\/wp-json\/wp\/v2\/tags?post=75120"}],"curies":[{"name":"wp","href":"https:\/\/api.w.org\/{rel}","templated":true}]}}