{"id":75144,"date":"2018-01-23T13:25:40","date_gmt":"2018-01-23T16:25:40","guid":{"rendered":"http:\/\/www.locoxelrojo.com\/independiente\/?p=75144"},"modified":"2018-01-24T05:46:59","modified_gmt":"2018-01-24T08:46:59","slug":"concentrados-vs-central-alan-franco-unico-ausente","status":"publish","type":"post","link":"https:\/\/www.locoxelrojo.com\/independiente\/2018\/01\/23\/concentrados-vs-central-alan-franco-unico-ausente\/","title":{"rendered":"Concentrados vs Central: Franco, el \u00fanico ausente"},"content":{"rendered":"<p><strong>Luego del entrenamiento de este martes por la ma\u00f1ana en el predio de Villa Dom\u00ednico, el cuerpo t\u00e9cnico de Independiente entreg\u00f3 la n\u00f3mina de concentrados para el duelo de este mi\u00e9rcoles ante Rosario Central por la Superliga.<\/strong><\/p>\n<p>De cara al comienzo de la competencia oficial, <strong>Ariel Holan decidi\u00f3 concentrar a 19 futbolistas para recibir al equipo rosarino este mi\u00e9rcoles desde las 21:10 en el Libertadores de Am\u00e9rica.\u00a0<\/strong>El principal ausente es <strong>Alan Franco<\/strong>, que continua entrenando diferenciado por una distensi\u00f3n en el gemelo izquierdo. Adem\u00e1s, <strong>Gonzalo Rehak<\/strong> tambi\u00e9n qued\u00f3 al margen mientras se recupera de un desgarro.<\/p>\n<p><strong>Los 19 concentrados para el encuentro ante el Canalla:<\/strong><\/p>\n<p><strong>Arqueros:\u00a0<\/strong>Dami\u00e1n Albil y Mart\u00edn Campa\u00f1a<\/p>\n<p><strong>Defensores:<\/strong> Nicol\u00e1s Figal, Fernando Amorebieta, Fabricio Bustos, Gast\u00f3n Silva, Emanuel Britez y Gonzalo As\u00eds.<\/p>\n<p><strong>Mediocampistas:\u00a0<\/strong>Nicol\u00e1s Domingo, Juan S\u00e1nchez Mi\u00f1o, Jon\u00e1s Guti\u00e9rrez, Maximiliano Meza y Diego Rodr\u00edguez.<\/p>\n<p><strong>Delanteros:\u00a0<\/strong>Mart\u00edn Ben\u00edtez, Leandro Fern\u00e1ndez, Emmanuel Gigliotti, Braian Romero, Juan Manuel Mart\u00ednez y Lucas Albertengo.<\/p>\n<p>&nbsp;<\/p>\n","protected":false},"excerpt":{"rendered":"<p>Luego del entrenamiento de este martes por la ma\u00f1ana en el predio de Villa Dom\u00ednico, el cuerpo t\u00e9cnico de Independiente entreg\u00f3 la n\u00f3mina de concentrados para el duelo de este mi\u00e9rcoles ante Rosario Central por la Superliga. De cara al comienzo de la competencia oficial, Ariel Holan decidi\u00f3 concentrar a 19 futbolistas para recibir al [&hellip;]<\/p>\n","protected":false},"author":14,"featured_media":75145,"comment_status":"open","ping_status":"closed","sticky":false,"template":"","format":"standard","meta":{"_links_to":"","_links_to_target":""},"categories":[3247,3],"tags":[3231,2998,153,2024,3754],"_links":{"self":[{"href":"https:\/\/www.locoxelrojo.com\/independiente\/wp-json\/wp\/v2\/posts\/75144"}],"collection":[{"href":"https:\/\/www.locoxelrojo.com\/independiente\/wp-json\/wp\/v2\/posts"}],"about":[{"href":"https:\/\/www.locoxelrojo.com\/independiente\/wp-json\/wp\/v2\/types\/post"}],"author":[{"embeddable":true,"href":"https:\/\/www.locoxelrojo.com\/independiente\/wp-json\/wp\/v2\/users\/14"}],"replies":[{"embeddable":true,"href":"https:\/\/www.locoxelrojo.com\/independiente\/wp-json\/wp\/v2\/comments?post=75144"}],"version-history":[{"count":0,"href":"https:\/\/www.locoxelrojo.com\/independiente\/wp-json\/wp\/v2\/posts\/75144\/revisions"}],"wp:featuredmedia":[{"embeddable":true,"href":"https:\/\/www.locoxelrojo.com\/independiente\/wp-json\/wp\/v2\/media\/75145"}],"wp:attachment":[{"href":"https:\/\/www.locoxelrojo.com\/independiente\/wp-json\/wp\/v2\/media?parent=75144"}],"wp:term":[{"taxonomy":"category","embeddable":true,"href":"https:\/\/www.locoxelrojo.com\/independiente\/wp-json\/wp\/v2\/categories?post=75144"},{"taxonomy":"post_tag","embeddable":true,"href":"https:\/\/www.locoxelrojo.com\/independiente\/wp-json\/wp\/v2\/tags?post=75144"}],"curies":[{"name":"wp","href":"https:\/\/api.w.org\/{rel}","templated":true}]}}