{"id":75388,"date":"2018-01-31T12:10:55","date_gmt":"2018-01-31T15:10:55","guid":{"rendered":"http:\/\/www.locoxelrojo.com\/independiente\/?p=75388"},"modified":"2018-01-31T22:13:42","modified_gmt":"2018-02-01T01:13:42","slug":"visita-sampaoli-ezeiza","status":"publish","type":"post","link":"https:\/\/www.locoxelrojo.com\/independiente\/2018\/01\/31\/visita-sampaoli-ezeiza\/","title":{"rendered":"Visita en Ezeiza"},"content":{"rendered":"<p>El t\u00e9cnico de la Selecci\u00f3n Argentina estuvo presente en el predio de la AFA observando la pr\u00e1ctica de Independiente.<\/p>\n<p><strong>Jorge Sampaoli junto a su ayudante Sebasti\u00e1n Beccacece aprovecharon el \u00faltimo d\u00eda de Independiente en Ezeiza para observar los trabajos del plantel profesional.<\/strong> Tras una larga gira por Europa donde pudo conversar con varios futbolistas que juegan en el viejo continente, el seleccionador no descansa y pudo ver de cerca a varios de los jugadores del Rojo que tiene en la mira: <strong>Fabricio Bustos, Alan Franco, Juan S\u00e1nchez Mi\u00f1o y Maximiliano Meza.<\/strong><\/p>\n<p>Ariel Holan se acerc\u00f3 para saludarlo y ambos entrenadores se fundieron en un abrazo. Mir\u00e1 ese encuentro:<\/p>\n<blockquote class=\"twitter-tweet\" data-lang=\"es\">\n<p dir=\"ltr\" lang=\"es\">Un encuentro de lujo<\/p>\n<p>Jorge Sampaoli, DT de <a href=\"https:\/\/twitter.com\/Argentina?ref_src=twsrc%5Etfw\">@Argentina<\/a>, se hizo presente en el entrenamiento del Rey de Copas.<\/p>\n<p>\u00a1Que abrazo con <a href=\"https:\/\/twitter.com\/arielholan_DT?ref_src=twsrc%5Etfw\">@arielholan_DT<\/a>!<a href=\"https:\/\/twitter.com\/hashtag\/TodoRojo?src=hash&amp;ref_src=twsrc%5Etfw\">#TodoRojo<\/a> &#x1f534; <a href=\"https:\/\/t.co\/VpQ6Lokpet\">pic.twitter.com\/VpQ6Lokpet<\/a><\/p>\n<p>\u2014 C. A. Independiente (@Independiente) <a href=\"https:\/\/twitter.com\/Independiente\/status\/958702288754937856?ref_src=twsrc%5Etfw\">31 de enero de 2018<\/a><\/p><\/blockquote>\n<p><script async src=\"https:\/\/platform.twitter.com\/widgets.js\" charset=\"utf-8\"><\/script><\/p>\n","protected":false},"excerpt":{"rendered":"<p>El t\u00e9cnico de la Selecci\u00f3n Argentina estuvo presente en el predio de la AFA observando la pr\u00e1ctica de Independiente. Jorge Sampaoli junto a su ayudante Sebasti\u00e1n Beccacece aprovecharon el \u00faltimo d\u00eda de Independiente en Ezeiza para observar los trabajos del plantel profesional. Tras una larga gira por Europa donde pudo conversar con varios futbolistas que [&hellip;]<\/p>\n","protected":false},"author":1,"featured_media":75389,"comment_status":"open","ping_status":"closed","sticky":false,"template":"","format":"standard","meta":{"_links_to":"","_links_to_target":""},"categories":[3247,3],"tags":[2998,3487],"_links":{"self":[{"href":"https:\/\/www.locoxelrojo.com\/independiente\/wp-json\/wp\/v2\/posts\/75388"}],"collection":[{"href":"https:\/\/www.locoxelrojo.com\/independiente\/wp-json\/wp\/v2\/posts"}],"about":[{"href":"https:\/\/www.locoxelrojo.com\/independiente\/wp-json\/wp\/v2\/types\/post"}],"author":[{"embeddable":true,"href":"https:\/\/www.locoxelrojo.com\/independiente\/wp-json\/wp\/v2\/users\/1"}],"replies":[{"embeddable":true,"href":"https:\/\/www.locoxelrojo.com\/independiente\/wp-json\/wp\/v2\/comments?post=75388"}],"version-history":[{"count":0,"href":"https:\/\/www.locoxelrojo.com\/independiente\/wp-json\/wp\/v2\/posts\/75388\/revisions"}],"wp:featuredmedia":[{"embeddable":true,"href":"https:\/\/www.locoxelrojo.com\/independiente\/wp-json\/wp\/v2\/media\/75389"}],"wp:attachment":[{"href":"https:\/\/www.locoxelrojo.com\/independiente\/wp-json\/wp\/v2\/media?parent=75388"}],"wp:term":[{"taxonomy":"category","embeddable":true,"href":"https:\/\/www.locoxelrojo.com\/independiente\/wp-json\/wp\/v2\/categories?post=75388"},{"taxonomy":"post_tag","embeddable":true,"href":"https:\/\/www.locoxelrojo.com\/independiente\/wp-json\/wp\/v2\/tags?post=75388"}],"curies":[{"name":"wp","href":"https:\/\/api.w.org\/{rel}","templated":true}]}}