{"id":75390,"date":"2018-01-31T12:55:56","date_gmt":"2018-01-31T15:55:56","guid":{"rendered":"http:\/\/www.locoxelrojo.com\/independiente\/?p=75390"},"modified":"2018-01-31T22:14:00","modified_gmt":"2018-02-01T01:14:00","slug":"benitez-siete-bravo-recuperado","status":"publish","type":"post","link":"https:\/\/www.locoxelrojo.com\/independiente\/2018\/01\/31\/benitez-siete-bravo-recuperado\/","title":{"rendered":"El Siete Bravo, recuperado"},"content":{"rendered":"<p>En la pr\u00e1ctica de este mi\u00e9rcoles Ariel Holan tuvo una buena noticia: <strong>Mart\u00edn Ben\u00edtez entren\u00f3 a la par de sus compa\u00f1eros.<\/strong><\/p>\n<p>Independiente tuvo su \u00faltimo d\u00eda de trabajos en el predio de la AFA en Ezeiza. <strong>Hubo ejercicios f\u00edsicos en el gimnasio y tambi\u00e9n en el campo de juego<\/strong>. Por su parte, <strong>los que no tuvieron minutos frente a Estudiantes realizaron distintos movimientos t\u00e1cticos.<\/strong><\/p>\n<p>Gonzalo Rehak fue el \u00fanico diferenciado y est\u00e1 pr\u00f3ximo a recuperarse de un desgarro miofibrilar. Y lo positivo de la jornada es la recuperaci\u00f3n de Ben\u00edtez: el misionero trabaj\u00f3 a la par del grupo. La \u00fanica ausencia fue la de Lucas Albertengo: <strong>el delantero, con autorizaci\u00f3n del cuerpo t\u00e9cnico, no entren\u00f3 por un problema personal.<\/strong><\/p>\n<p>Adem\u00e1s, Holan pudo contar con otro de los refuerzos: <strong>Fernando Gaibor practic\u00f3 por primera vez con el plantel profesional.\u00a0<\/strong><\/p>\n<blockquote class=\"twitter-tweet\" data-lang=\"es\">\n<p dir=\"ltr\" lang=\"es\">Cara nueva en Ezeiza<\/p>\n<p>Postales de <a href=\"https:\/\/twitter.com\/FGaibor10?ref_src=twsrc%5Etfw\">@FGaibor10<\/a> durante su primer entrenamiento en <a href=\"https:\/\/twitter.com\/hashtag\/Independiente?src=hash&amp;ref_src=twsrc%5Etfw\">#Independiente<\/a>. <a href=\"https:\/\/twitter.com\/hashtag\/BienvenidoAlRey?src=hash&amp;ref_src=twsrc%5Etfw\">#BienvenidoAlRey<\/a> <a href=\"https:\/\/twitter.com\/hashtag\/TodoRojo?src=hash&amp;ref_src=twsrc%5Etfw\">#TodoRojo<\/a> &#x1f534; <a href=\"https:\/\/t.co\/M5DAea9QZj\">pic.twitter.com\/M5DAea9QZj<\/a><\/p>\n<p>\u2014 C. A. Independiente (@Independiente) <a href=\"https:\/\/twitter.com\/Independiente\/status\/958731051215572993?ref_src=twsrc%5Etfw\">31 de enero de 2018<\/a><\/p><\/blockquote>\n<p><script async src=\"https:\/\/platform.twitter.com\/widgets.js\" charset=\"utf-8\"><\/script><\/p>\n<p>Jorge Sampaoli, el t\u00e9cnico de la Selecci\u00f3n Argentina, <a href=\"https:\/\/www.locoxelrojo.com\/independiente\/2018\/01\/31\/visita-en-ezeiza\/\">estuvo presente observando el entrenamiento<\/a>.<\/p>\n","protected":false},"excerpt":{"rendered":"<p>En la pr\u00e1ctica de este mi\u00e9rcoles Ariel Holan tuvo una buena noticia: Mart\u00edn Ben\u00edtez entren\u00f3 a la par de sus compa\u00f1eros. Independiente tuvo su \u00faltimo d\u00eda de trabajos en el predio de la AFA en Ezeiza. Hubo ejercicios f\u00edsicos en el gimnasio y tambi\u00e9n en el campo de juego. Por su parte, los que no [&hellip;]<\/p>\n","protected":false},"author":1,"featured_media":75391,"comment_status":"open","ping_status":"closed","sticky":false,"template":"","format":"standard","meta":{"_links_to":"","_links_to_target":""},"categories":[3247,3],"tags":[218,2998,26,967,3747,2839,258],"_links":{"self":[{"href":"https:\/\/www.locoxelrojo.com\/independiente\/wp-json\/wp\/v2\/posts\/75390"}],"collection":[{"href":"https:\/\/www.locoxelrojo.com\/independiente\/wp-json\/wp\/v2\/posts"}],"about":[{"href":"https:\/\/www.locoxelrojo.com\/independiente\/wp-json\/wp\/v2\/types\/post"}],"author":[{"embeddable":true,"href":"https:\/\/www.locoxelrojo.com\/independiente\/wp-json\/wp\/v2\/users\/1"}],"replies":[{"embeddable":true,"href":"https:\/\/www.locoxelrojo.com\/independiente\/wp-json\/wp\/v2\/comments?post=75390"}],"version-history":[{"count":0,"href":"https:\/\/www.locoxelrojo.com\/independiente\/wp-json\/wp\/v2\/posts\/75390\/revisions"}],"wp:featuredmedia":[{"embeddable":true,"href":"https:\/\/www.locoxelrojo.com\/independiente\/wp-json\/wp\/v2\/media\/75391"}],"wp:attachment":[{"href":"https:\/\/www.locoxelrojo.com\/independiente\/wp-json\/wp\/v2\/media?parent=75390"}],"wp:term":[{"taxonomy":"category","embeddable":true,"href":"https:\/\/www.locoxelrojo.com\/independiente\/wp-json\/wp\/v2\/categories?post=75390"},{"taxonomy":"post_tag","embeddable":true,"href":"https:\/\/www.locoxelrojo.com\/independiente\/wp-json\/wp\/v2\/tags?post=75390"}],"curies":[{"name":"wp","href":"https:\/\/api.w.org\/{rel}","templated":true}]}}