{"id":75393,"date":"2018-01-31T10:08:50","date_gmt":"2018-01-31T13:08:50","guid":{"rendered":"http:\/\/www.locoxelrojo.com\/independiente\/?p=75393"},"modified":"2018-02-01T01:23:12","modified_gmt":"2018-02-01T04:23:12","slug":"prestadosrojos-gaston-del-castillo-rescindio-con-arsenal-sarandi","status":"publish","type":"post","link":"https:\/\/www.locoxelrojo.com\/independiente\/2018\/01\/31\/prestadosrojos-gaston-del-castillo-rescindio-con-arsenal-sarandi\/","title":{"rendered":"#PrestadosRojos: Gast\u00f3n Del Castillo rescindi\u00f3 con Arsenal"},"content":{"rendered":"<p>Gast\u00f3n del Castillo rescindi\u00f3 su v\u00ednculo con Arsenal de Sarand\u00ed y deber\u00e1 volver a Independiente.<\/p>\n<p>Uno de los hermanos de Sergio Ag\u00fcero <a href=\"https:\/\/www.locoxelrojo.com\/independiente\/2017\/12\/31\/prestados-rojos-hermanos-del-castillo-la-mastra-sin-lugar\/\">hab\u00eda pasado a pr\u00e9stamo al conjunto del Viaducto<\/a>, <strong>pero no sum\u00f3 ni un minuto oficial en el ciclo de Humberto Grondona y mucho menos en el de Sergio Rondina<\/strong>. Por eso, <strong>entre el club y el jugador acordaron rescindir el pr\u00e9stamo de com\u00fan acuerdo.<\/strong><\/p>\n<blockquote class=\"twitter-tweet\" data-lang=\"es\">\n<p dir=\"ltr\" lang=\"es\">Gast\u00f3n Del Castillo rescinde su v\u00ednculo de com\u00fan acuerdo con <a href=\"https:\/\/twitter.com\/hashtag\/ArsenalF%C3%BAtbolClub?src=hash&amp;ref_src=twsrc%5Etfw\">#ArsenalF\u00fatbolClub<\/a>. <a href=\"https:\/\/t.co\/TLkcoapEL7\">pic.twitter.com\/TLkcoapEL7<\/a><\/p>\n<p>\u2014 Arsenal F\u00fatbol Club (@ArsenalOficial) <a href=\"https:\/\/twitter.com\/ArsenalOficial\/status\/958077457927737349?ref_src=twsrc%5Etfw\">29 de enero de 2018<\/a><\/p><\/blockquote>\n<p><script async src=\"https:\/\/platform.twitter.com\/widgets.js\" charset=\"utf-8\"><\/script><\/p>\n<p>Ahora, el atacante deber\u00e1 pegar la vuelta a Independiente. Hay que recordar que ya hab\u00eda tenido un paso trunco por el C\u00e1diz de Espa\u00f1a.<\/p>\n","protected":false},"excerpt":{"rendered":"<p>Gast\u00f3n del Castillo rescindi\u00f3 su v\u00ednculo con Arsenal de Sarand\u00ed y deber\u00e1 volver a Independiente. Uno de los hermanos de Sergio Ag\u00fcero hab\u00eda pasado a pr\u00e9stamo al conjunto del Viaducto, pero no sum\u00f3 ni un minuto oficial en el ciclo de Humberto Grondona y mucho menos en el de Sergio Rondina. Por eso, entre el [&hellip;]<\/p>\n","protected":false},"author":1,"featured_media":75394,"comment_status":"open","ping_status":"closed","sticky":false,"template":"","format":"standard","meta":{"_links_to":"","_links_to_target":""},"categories":[3297,3247],"tags":[543,153,1574,3298],"_links":{"self":[{"href":"https:\/\/www.locoxelrojo.com\/independiente\/wp-json\/wp\/v2\/posts\/75393"}],"collection":[{"href":"https:\/\/www.locoxelrojo.com\/independiente\/wp-json\/wp\/v2\/posts"}],"about":[{"href":"https:\/\/www.locoxelrojo.com\/independiente\/wp-json\/wp\/v2\/types\/post"}],"author":[{"embeddable":true,"href":"https:\/\/www.locoxelrojo.com\/independiente\/wp-json\/wp\/v2\/users\/1"}],"replies":[{"embeddable":true,"href":"https:\/\/www.locoxelrojo.com\/independiente\/wp-json\/wp\/v2\/comments?post=75393"}],"version-history":[{"count":0,"href":"https:\/\/www.locoxelrojo.com\/independiente\/wp-json\/wp\/v2\/posts\/75393\/revisions"}],"wp:featuredmedia":[{"embeddable":true,"href":"https:\/\/www.locoxelrojo.com\/independiente\/wp-json\/wp\/v2\/media\/75394"}],"wp:attachment":[{"href":"https:\/\/www.locoxelrojo.com\/independiente\/wp-json\/wp\/v2\/media?parent=75393"}],"wp:term":[{"taxonomy":"category","embeddable":true,"href":"https:\/\/www.locoxelrojo.com\/independiente\/wp-json\/wp\/v2\/categories?post=75393"},{"taxonomy":"post_tag","embeddable":true,"href":"https:\/\/www.locoxelrojo.com\/independiente\/wp-json\/wp\/v2\/tags?post=75393"}],"curies":[{"name":"wp","href":"https:\/\/api.w.org\/{rel}","templated":true}]}}