{"id":75607,"date":"2018-02-12T14:40:03","date_gmt":"2018-02-12T17:40:03","guid":{"rendered":"http:\/\/www.locoxelrojo.com\/independiente\/?p=75607"},"modified":"2018-02-13T00:03:03","modified_gmt":"2018-02-13T03:03:03","slug":"dudas-en-defensa-y-ataque","status":"publish","type":"post","link":"https:\/\/www.locoxelrojo.com\/independiente\/2018\/02\/12\/dudas-en-defensa-y-ataque\/","title":{"rendered":"Dudas en defensa y ataque"},"content":{"rendered":"<p>El<strong> plantel de Independiente\u00a0sigue ajustando detalles en Villa Dom\u00ednico de cara a la primera final de la Recopa Sudamericana ante Gremio.<\/strong><\/p>\n<p>Este lunes por la ma\u00f1ana, Ariel Holan organiz\u00f3 trabajos t\u00e1cticos para empezar a definir el equipo de la ida en Avellaneda. Tal y como <a href=\"https:\/\/www.locoxelrojo.com\/independiente\/2018\/02\/12\/holan-estamos-bien-preparados-lejos-del-techo-podemos-alcanzar\/\">lo confes\u00f3 en conferencia de prensa<\/a>, todav\u00eda no tiene a los once definidos.\u00a0<strong>Las\u00a0dudas\u00a0pasan por la defensa y el ataque<\/strong>.<\/p>\n<p><strong>Alan Franco\u00a0arrastra un fuerte dolor en su tobillo<\/strong> despu\u00e9s del \u00faltimo amistoso. Habr\u00e1 que esperar su evoluci\u00f3n, y en caso de no llegar en condiciones, <strong>lo reemplazar\u00eda Nicol\u00e1s Figal<\/strong>. Adem\u00e1s, hay una duda en el lateral izquierdo, donde <strong>Gast\u00f3n Siva y Juan S\u00e1nchez Mi\u00f1o pelean por un lugar<\/strong>.<\/p>\n<p>En la zona ofensiva, <strong>la pulseada es entre Leandro Fern\u00e1ndez<\/strong>, con un presente goleador pero poco identificado con el puesto de extremo, <strong>y Jonathan Men\u00e9ndez<\/strong>, de gran debut ante Col\u00f3n y m\u00e1s adaptado a esa posici\u00f3n. El t\u00e9cnico se tomar\u00e1 un d\u00eda m\u00e1s para confirmar resolver estas dudas y definir\u00a0a los titulares.<\/p>\n","protected":false},"excerpt":{"rendered":"<p>El plantel de Independiente\u00a0sigue ajustando detalles en Villa Dom\u00ednico de cara a la primera final de la Recopa Sudamericana ante Gremio. Este lunes por la ma\u00f1ana, Ariel Holan organiz\u00f3 trabajos t\u00e1cticos para empezar a definir el equipo de la ida en Avellaneda. Tal y como lo confes\u00f3 en conferencia de prensa, todav\u00eda no tiene a [&hellip;]<\/p>\n","protected":false},"author":8,"featured_media":75608,"comment_status":"open","ping_status":"closed","sticky":false,"template":"","format":"standard","meta":{"_links_to":"","_links_to_target":""},"categories":[3247,3],"tags":[3231,26,3557,3751,3190,2921,2625,172],"_links":{"self":[{"href":"https:\/\/www.locoxelrojo.com\/independiente\/wp-json\/wp\/v2\/posts\/75607"}],"collection":[{"href":"https:\/\/www.locoxelrojo.com\/independiente\/wp-json\/wp\/v2\/posts"}],"about":[{"href":"https:\/\/www.locoxelrojo.com\/independiente\/wp-json\/wp\/v2\/types\/post"}],"author":[{"embeddable":true,"href":"https:\/\/www.locoxelrojo.com\/independiente\/wp-json\/wp\/v2\/users\/8"}],"replies":[{"embeddable":true,"href":"https:\/\/www.locoxelrojo.com\/independiente\/wp-json\/wp\/v2\/comments?post=75607"}],"version-history":[{"count":0,"href":"https:\/\/www.locoxelrojo.com\/independiente\/wp-json\/wp\/v2\/posts\/75607\/revisions"}],"wp:featuredmedia":[{"embeddable":true,"href":"https:\/\/www.locoxelrojo.com\/independiente\/wp-json\/wp\/v2\/media\/75608"}],"wp:attachment":[{"href":"https:\/\/www.locoxelrojo.com\/independiente\/wp-json\/wp\/v2\/media?parent=75607"}],"wp:term":[{"taxonomy":"category","embeddable":true,"href":"https:\/\/www.locoxelrojo.com\/independiente\/wp-json\/wp\/v2\/categories?post=75607"},{"taxonomy":"post_tag","embeddable":true,"href":"https:\/\/www.locoxelrojo.com\/independiente\/wp-json\/wp\/v2\/tags?post=75607"}],"curies":[{"name":"wp","href":"https:\/\/api.w.org\/{rel}","templated":true}]}}