{"id":75969,"date":"2018-02-25T15:30:39","date_gmt":"2018-02-25T18:30:39","guid":{"rendered":"http:\/\/www.locoxelrojo.com\/independiente\/?p=75969"},"modified":"2018-02-26T18:30:16","modified_gmt":"2018-02-26T21:30:16","slug":"rojos-por-mundo-aguero-grito-campeon-acordo-del-rojo","status":"publish","type":"post","link":"https:\/\/www.locoxelrojo.com\/independiente\/2018\/02\/25\/rojos-por-mundo-aguero-grito-campeon-acordo-del-rojo\/","title":{"rendered":"Rojos por el Mundo: Ag\u00fcero grit\u00f3 campe\u00f3n y se acord\u00f3 del Rojo"},"content":{"rendered":"<p><strong>Sergio Ag\u00fcero se consagr\u00f3 campe\u00f3n de la Copa de la Liga con Manchester City y festej\u00f3 el t\u00edtulo con una camiseta de Independiente.<\/strong><\/p>\n<p>Los Ciudadanos lograron el primer t\u00edtulo de la Era Guardiola\u00a0tras golear 3-0 al Arsenal en Wembley. <strong>El Kun anot\u00f3 el primer gol a los 18 minutos: tras una gran asistencia de Claudio Bravo, se\u00a0col\u00f3 entre los centrales y\u00a0la pic\u00f3\u00a0por encima del arquero David Ospina<\/strong>. M\u00e1s tarde, Vincent Kompany y David Silva decoraron la victoria.<\/p>\n<p><iframe loading=\"lazy\" src=\"http:\/\/www.espn.com.ar\/core\/video\/iframe?id=4020511&amp;endcard=false\" width=\"640\" height=\"360\" frameborder=\"0\" allowfullscreen=\"allowfullscreen\"><\/iframe><\/p>\n<p>Lo cierto es que el Rey de Copas tambi\u00e9n estuvo presente en los festejos.<strong>\u00a0<\/strong>En plena euforia por el campeonato,<strong> el Kun pos\u00f3 ante las c\u00e1maras con una casaca de Independiente que le tiraron desde la tribuna y en una muestra de agradecimiento, le regal\u00f3 su bufanda al simpatizante<\/strong>.<\/p>\n<p><iframe loading=\"lazy\" src=\"http:\/\/www.espn.com.ar\/core\/video\/iframe?id=4020824&amp;endcard=false\" width=\"640\" height=\"360\" frameborder=\"0\" allowfullscreen=\"allowfullscreen\"><\/iframe><\/p>\n","protected":false},"excerpt":{"rendered":"<p>Sergio Ag\u00fcero se consagr\u00f3 campe\u00f3n de la Copa de la Liga con Manchester City y festej\u00f3 el t\u00edtulo con una camiseta de Independiente. Los Ciudadanos lograron el primer t\u00edtulo de la Era Guardiola\u00a0tras golear 3-0 al Arsenal en Wembley. El Kun anot\u00f3 el primer gol a los 18 minutos: tras una gran asistencia de Claudio [&hellip;]<\/p>\n","protected":false},"author":8,"featured_media":75974,"comment_status":"open","ping_status":"closed","sticky":false,"template":"","format":"standard","meta":{"_links_to":"","_links_to_target":""},"categories":[2043,3247],"tags":[1099,153,3811,950,3277,143],"_links":{"self":[{"href":"https:\/\/www.locoxelrojo.com\/independiente\/wp-json\/wp\/v2\/posts\/75969"}],"collection":[{"href":"https:\/\/www.locoxelrojo.com\/independiente\/wp-json\/wp\/v2\/posts"}],"about":[{"href":"https:\/\/www.locoxelrojo.com\/independiente\/wp-json\/wp\/v2\/types\/post"}],"author":[{"embeddable":true,"href":"https:\/\/www.locoxelrojo.com\/independiente\/wp-json\/wp\/v2\/users\/8"}],"replies":[{"embeddable":true,"href":"https:\/\/www.locoxelrojo.com\/independiente\/wp-json\/wp\/v2\/comments?post=75969"}],"version-history":[{"count":1,"href":"https:\/\/www.locoxelrojo.com\/independiente\/wp-json\/wp\/v2\/posts\/75969\/revisions"}],"predecessor-version":[{"id":75985,"href":"https:\/\/www.locoxelrojo.com\/independiente\/wp-json\/wp\/v2\/posts\/75969\/revisions\/75985"}],"wp:featuredmedia":[{"embeddable":true,"href":"https:\/\/www.locoxelrojo.com\/independiente\/wp-json\/wp\/v2\/media\/75974"}],"wp:attachment":[{"href":"https:\/\/www.locoxelrojo.com\/independiente\/wp-json\/wp\/v2\/media?parent=75969"}],"wp:term":[{"taxonomy":"category","embeddable":true,"href":"https:\/\/www.locoxelrojo.com\/independiente\/wp-json\/wp\/v2\/categories?post=75969"},{"taxonomy":"post_tag","embeddable":true,"href":"https:\/\/www.locoxelrojo.com\/independiente\/wp-json\/wp\/v2\/tags?post=75969"}],"curies":[{"name":"wp","href":"https:\/\/api.w.org\/{rel}","templated":true}]}}