{"id":75976,"date":"2018-02-25T19:45:14","date_gmt":"2018-02-25T22:45:14","guid":{"rendered":"http:\/\/www.locoxelrojo.com\/independiente\/?p=75976"},"modified":"2018-02-26T18:30:33","modified_gmt":"2018-02-26T21:30:33","slug":"san-juan-independiente-sin-sanchez-mino","status":"publish","type":"post","link":"https:\/\/www.locoxelrojo.com\/independiente\/2018\/02\/25\/san-juan-independiente-sin-sanchez-mino\/","title":{"rendered":"A San Juan sin S\u00e1nchez Mi\u00f1o"},"content":{"rendered":"<p><strong>Juan S\u00e1nchez Mi\u00f1o lleg\u00f3 a la quinta amonestaci\u00f3n y no podr\u00e1 estar presente el pr\u00f3ximo partido ante San Mart\u00edn de San Juan.<\/strong><\/p>\n<p>Iban 36 minutos de la segunda parte cuando el ex Boca cometi\u00f3 una infracci\u00f3n y el \u00e1rbitro del partido, Fernando Tello, decidi\u00f3 mostrarle la amarilla. Con \u00e9sta, <strong>el lateral sum\u00f3 su quinta amonestaci\u00f3n y deber\u00e1 cumplir una fecha de suspensi\u00f3n<\/strong>\u00a0el pr\u00f3ximo lunes 5 de marzo, cuando el Rojo viaje a San Juan para enfrentar a San Mart\u00edn.<\/p>\n<p>Habr\u00e1 que ver si Ariel Holan aprovecha esta situaci\u00f3n para <strong>mantenerlo en el 11 inicial el jueves ante Deportivo Lara por la Copa Libertadores<\/strong> y dejar a Gast\u00f3n Silva para el torneo local.<\/p>\n","protected":false},"excerpt":{"rendered":"<p>Juan S\u00e1nchez Mi\u00f1o lleg\u00f3 a la quinta amonestaci\u00f3n y no podr\u00e1 estar presente el pr\u00f3ximo partido ante San Mart\u00edn de San Juan. Iban 36 minutos de la segunda parte cuando el ex Boca cometi\u00f3 una infracci\u00f3n y el \u00e1rbitro del partido, Fernando Tello, decidi\u00f3 mostrarle la amarilla. Con \u00e9sta, el lateral sum\u00f3 su quinta amonestaci\u00f3n [&hellip;]<\/p>\n","protected":false},"author":16,"featured_media":75984,"comment_status":"open","ping_status":"closed","sticky":false,"template":"","format":"standard","meta":{"_links_to":"","_links_to_target":""},"categories":[3247,3],"tags":[677,153,3190,679,3559],"_links":{"self":[{"href":"https:\/\/www.locoxelrojo.com\/independiente\/wp-json\/wp\/v2\/posts\/75976"}],"collection":[{"href":"https:\/\/www.locoxelrojo.com\/independiente\/wp-json\/wp\/v2\/posts"}],"about":[{"href":"https:\/\/www.locoxelrojo.com\/independiente\/wp-json\/wp\/v2\/types\/post"}],"author":[{"embeddable":true,"href":"https:\/\/www.locoxelrojo.com\/independiente\/wp-json\/wp\/v2\/users\/16"}],"replies":[{"embeddable":true,"href":"https:\/\/www.locoxelrojo.com\/independiente\/wp-json\/wp\/v2\/comments?post=75976"}],"version-history":[{"count":0,"href":"https:\/\/www.locoxelrojo.com\/independiente\/wp-json\/wp\/v2\/posts\/75976\/revisions"}],"wp:featuredmedia":[{"embeddable":true,"href":"https:\/\/www.locoxelrojo.com\/independiente\/wp-json\/wp\/v2\/media\/75984"}],"wp:attachment":[{"href":"https:\/\/www.locoxelrojo.com\/independiente\/wp-json\/wp\/v2\/media?parent=75976"}],"wp:term":[{"taxonomy":"category","embeddable":true,"href":"https:\/\/www.locoxelrojo.com\/independiente\/wp-json\/wp\/v2\/categories?post=75976"},{"taxonomy":"post_tag","embeddable":true,"href":"https:\/\/www.locoxelrojo.com\/independiente\/wp-json\/wp\/v2\/tags?post=75976"}],"curies":[{"name":"wp","href":"https:\/\/api.w.org\/{rel}","templated":true}]}}