{"id":7600,"date":"2011-05-08T23:55:32","date_gmt":"2011-05-09T02:55:32","guid":{"rendered":"http:\/\/www.locoxelrojo.com.ar\/independiente\/?p=7600"},"modified":"2011-05-09T04:47:33","modified_gmt":"2011-05-09T07:47:33","slug":"bochini-hoy-empatar-o-perder-es-lo-mismo","status":"publish","type":"post","link":"https:\/\/www.locoxelrojo.com\/independiente\/2011\/05\/08\/bochini-hoy-empatar-o-perder-es-lo-mismo\/","title":{"rendered":"Bochini: &#8220;Hoy empatar o perder es lo mismo&#8221;"},"content":{"rendered":"<p><a href=\"http:\/\/www.locoxelrojo.com.ar\/independiente\/wp-content\/uploads\/2011\/05\/bochini.jpg\"><img loading=\"lazy\" class=\"alignnone size-full wp-image-7601\" title=\"bochini\" src=\"http:\/\/www.locoxelrojo.com.ar\/independiente\/wp-content\/uploads\/2011\/05\/bochini.jpg\" alt=\"\" width=\"590\" height=\"315\" srcset=\"https:\/\/locoxelrojo.com\/independiente\/wp-content\/uploads\/2011\/05\/bochini.jpg 590w, https:\/\/locoxelrojo.com\/independiente\/wp-content\/uploads\/2011\/05\/bochini-300x160.jpg 300w\" sizes=\"(max-width: 590px) 100vw, 590px\" \/><\/a><\/p>\n<p>Ricardo Bochini fue homenajeado en el Libertadores de Am\u00e9rica por el aniversario n\u00famero 20 de su retiro del f\u00fatbol con la camiseta de Independiente. El 10 dialog\u00f3 con <strong>Independiente de Am\u00e9rica -domingo de 22 a 24 por Radio el Mundo AM 1070-<\/strong> luego del partido y dio sus sensaciones del momento actual.<\/p>\n<p><strong>&#8220;Rodr\u00edguez no es un armador de juego sino un r\u00e1pido que encara y tiene buena gambeta, puede definir pero necesita alguien al lado que se junte con \u00e9l y toque. Cuando agarra la pelota tiene a 15 metros el compa\u00f1ero m\u00e1s cerca, tiene que gambetear siempre \u00e9l y terminar la jugada. El d\u00eda que le pongan a alguien al lado va a ser el jugador que todos esperamos<\/strong>&#8220;, fue una de sus sensaciones sobre este Independiente.<\/p>\n<p><strong>&#8220;Hoy se piensa en defender, cuidarse y que no te hagan un gol. Independiente necesit\u00f3 que le empaten el partido para que pongan a Villafa\u00f1ez. Este pibe tiene que jugar de entrada con Rodr\u00edguez, Parra, Silvera y Fredes. As\u00ed se ganaba \u00a0tranquilamente el partido porque San Lorenzo es un equipo flojo. Si no atacas y tenes continuidad es dif\u00edcil ganar&#8221;<\/strong>, explic\u00f3 el 10.<\/p>\n<p><strong>&#8220;Hoy perder y empatar es lo mismo&#8221;<\/strong>, reproch\u00f3. Y luego sigui\u00f3: <strong>&#8220;Los laterales son defensores, V\u00e9lez, Vel\u00e1zquez, Pellerano son defensores. Nosotros ten\u00edamos gente para tocar y llegar con 6 o 7 jugadores. Independiente tiene que volver a jugar as\u00ed porque cuando lo hizo sali\u00f3 campe\u00f3n. El d\u00eda que se vuelva a ese f\u00fatbol se va a pelear arriba un campeonato&#8221;<\/strong>, concluy\u00f3.<\/p>\n<p><strong><em>Escuch\u00e1 el audio:<\/em><\/strong><\/p>\n<p><object classid=\"clsid:d27cdb6e-ae6d-11cf-96b8-444553540000\" width=\"335\" height=\"28\" codebase=\"http:\/\/download.macromedia.com\/pub\/shockwave\/cabs\/flash\/swflash.cab#version=6,0,40,0\"><param name=\"allowFullScreen\" value=\"true\" \/><param name=\"allowscriptaccess\" value=\"always\" \/><param name=\"wmode\" value=\"transparent\" \/><param name=\"src\" value=\"http:\/\/www.divshare.com\/flash\/audio_embed?data=YTo2OntzOjU6ImFwaUlkIjtzOjE6IjQiO3M6NjoiZmlsZUlkIjtzOjg6IjE0Nzg3MTU0IjtzOjQ6ImNvZGUiO3M6MTI6IjE0Nzg3MTU0LWQyNCI7czo2OiJ1c2VySWQiO3M6NzoiMjIxMTE0MSI7czoxMjoiZXh0ZXJuYWxDYWxsIjtpOjE7czo0OiJ0aW1lIjtpOjEzMDQ5MTA5ODQ7fQ==&amp;autoplay=default\" \/><param name=\"allowfullscreen\" value=\"true\" \/><embed type=\"application\/x-shockwave-flash\" width=\"335\" height=\"28\" src=\"http:\/\/www.divshare.com\/flash\/audio_embed?data=YTo2OntzOjU6ImFwaUlkIjtzOjE6IjQiO3M6NjoiZmlsZUlkIjtzOjg6IjE0Nzg3MTU0IjtzOjQ6ImNvZGUiO3M6MTI6IjE0Nzg3MTU0LWQyNCI7czo2OiJ1c2VySWQiO3M6NzoiMjIxMTE0MSI7czoxMjoiZXh0ZXJuYWxDYWxsIjtpOjE7czo0OiJ0aW1lIjtpOjEzMDQ5MTA5ODQ7fQ==&amp;autoplay=default\" wmode=\"transparent\" allowscriptaccess=\"always\" allowfullscreen=\"true\"><\/embed><\/object><\/p>\n","protected":false},"excerpt":{"rendered":"<p>Ricardo Bochini fue homenajeado en el Libertadores de Am\u00e9rica por el aniversario n\u00famero 20 de su retiro del f\u00fatbol con la camiseta de Independiente. El 10 dialog\u00f3 con Independiente de Am\u00e9rica -domingo de 22 a 24 por Radio el Mundo AM 1070- luego del partido y dio sus sensaciones del momento actual. &#8220;Rodr\u00edguez no es [&hellip;]<\/p>\n","protected":false},"author":1,"featured_media":0,"comment_status":"open","ping_status":"open","sticky":false,"template":"","format":"standard","meta":{"_links_to":"","_links_to_target":""},"categories":[1],"tags":[153,419,475],"_links":{"self":[{"href":"https:\/\/www.locoxelrojo.com\/independiente\/wp-json\/wp\/v2\/posts\/7600"}],"collection":[{"href":"https:\/\/www.locoxelrojo.com\/independiente\/wp-json\/wp\/v2\/posts"}],"about":[{"href":"https:\/\/www.locoxelrojo.com\/independiente\/wp-json\/wp\/v2\/types\/post"}],"author":[{"embeddable":true,"href":"https:\/\/www.locoxelrojo.com\/independiente\/wp-json\/wp\/v2\/users\/1"}],"replies":[{"embeddable":true,"href":"https:\/\/www.locoxelrojo.com\/independiente\/wp-json\/wp\/v2\/comments?post=7600"}],"version-history":[{"count":0,"href":"https:\/\/www.locoxelrojo.com\/independiente\/wp-json\/wp\/v2\/posts\/7600\/revisions"}],"wp:attachment":[{"href":"https:\/\/www.locoxelrojo.com\/independiente\/wp-json\/wp\/v2\/media?parent=7600"}],"wp:term":[{"taxonomy":"category","embeddable":true,"href":"https:\/\/www.locoxelrojo.com\/independiente\/wp-json\/wp\/v2\/categories?post=7600"},{"taxonomy":"post_tag","embeddable":true,"href":"https:\/\/www.locoxelrojo.com\/independiente\/wp-json\/wp\/v2\/tags?post=7600"}],"curies":[{"name":"wp","href":"https:\/\/api.w.org\/{rel}","templated":true}]}}