{"id":76072,"date":"2018-03-01T21:30:16","date_gmt":"2018-03-02T00:30:16","guid":{"rendered":"http:\/\/www.locoxelrojo.com\/independiente\/?p=76072"},"modified":"2018-03-02T08:50:24","modified_gmt":"2018-03-02T11:50:24","slug":"nicolas-domingo-fue-peor-partido-del-ano-mejor-este-golpe-al-principio","status":"publish","type":"post","link":"https:\/\/www.locoxelrojo.com\/independiente\/2018\/03\/01\/nicolas-domingo-fue-peor-partido-del-ano-mejor-este-golpe-al-principio\/","title":{"rendered":"Domingo: &#8220;Fue el peor partido del a\u00f1o, pero es mejor tener este golpe al principio&#8221;"},"content":{"rendered":"<p><strong>Nicol\u00e1s Domingo<\/strong> dialog\u00f3 con la prensa luego de la derrota ante Deportivo Lara y reconoci\u00f3 el mal nivel que mostr\u00f3 Independiente ante los venezolanos.<\/p>\n<p><strong>&#8220;No jugamos bien. Fue el peor partido en lo que va de este a\u00f1o. Fue un golpe duro pero es mejor tenerlo al principio, hay que revertir y cumplir el objetivo&#8221;<\/strong>, desliz\u00f3 en el comienzo el ex River.<\/p>\n<p>Por otro lado, Domingo destac\u00f3 las complicaciones del Estadio Metropolitano de Lara:<strong> &#8220;Sab\u00edamos el mal estado del campo de juego. La pelota picaba para cualquier lado. No jugamos bien y hay que revertir la situaci\u00f3n&#8221;<\/strong>.<\/p>\n<p>Al ser consultado por la dificultad de los siguientes rivales en Copa Libertadores, el mediocampista fue claro: <strong>&#8220;Supuestamente hoy era el partido accesible y lo perdimos, as\u00ed que hay que trabajar y el objetivo todav\u00eda est\u00e1 pendiente&#8221;<\/strong>.<\/p>\n<blockquote class=\"twitter-video\" data-lang=\"es\">\n<p dir=\"ltr\" lang=\"es\"><a href=\"https:\/\/twitter.com\/hashtag\/LibertadoresxFOX?src=hash&amp;ref_src=twsrc%5Etfw\">#LibertadoresxFOX<\/a> | Domingo: &#8220;No jugamos bien, creo que en lo que va de este a\u00f1o es el peor partido&#8221;. <a href=\"https:\/\/t.co\/Ka7WSGYfDy\">pic.twitter.com\/Ka7WSGYfDy<\/a><\/p>\n<p>\u2014 FOX Sports Argentina (@FOXSportsArg) <a href=\"https:\/\/twitter.com\/FOXSportsArg\/status\/969365433575907328?ref_src=twsrc%5Etfw\">2 de marzo de 2018<\/a><\/p><\/blockquote>\n<p><script async src=\"https:\/\/platform.twitter.com\/widgets.js\" charset=\"utf-8\"><\/script><\/p>\n","protected":false},"excerpt":{"rendered":"<p>Nicol\u00e1s Domingo dialog\u00f3 con la prensa luego de la derrota ante Deportivo Lara y reconoci\u00f3 el mal nivel que mostr\u00f3 Independiente ante los venezolanos. &#8220;No jugamos bien. Fue el peor partido en lo que va de este a\u00f1o. Fue un golpe duro pero es mejor tenerlo al principio, hay que revertir y cumplir el objetivo&#8221;, [&hellip;]<\/p>\n","protected":false},"author":24,"featured_media":76073,"comment_status":"open","ping_status":"closed","sticky":false,"template":"","format":"standard","meta":{"_links_to":"","_links_to_target":""},"categories":[494,3247],"tags":[153,3499,3719,3367],"_links":{"self":[{"href":"https:\/\/www.locoxelrojo.com\/independiente\/wp-json\/wp\/v2\/posts\/76072"}],"collection":[{"href":"https:\/\/www.locoxelrojo.com\/independiente\/wp-json\/wp\/v2\/posts"}],"about":[{"href":"https:\/\/www.locoxelrojo.com\/independiente\/wp-json\/wp\/v2\/types\/post"}],"author":[{"embeddable":true,"href":"https:\/\/www.locoxelrojo.com\/independiente\/wp-json\/wp\/v2\/users\/24"}],"replies":[{"embeddable":true,"href":"https:\/\/www.locoxelrojo.com\/independiente\/wp-json\/wp\/v2\/comments?post=76072"}],"version-history":[{"count":0,"href":"https:\/\/www.locoxelrojo.com\/independiente\/wp-json\/wp\/v2\/posts\/76072\/revisions"}],"wp:featuredmedia":[{"embeddable":true,"href":"https:\/\/www.locoxelrojo.com\/independiente\/wp-json\/wp\/v2\/media\/76073"}],"wp:attachment":[{"href":"https:\/\/www.locoxelrojo.com\/independiente\/wp-json\/wp\/v2\/media?parent=76072"}],"wp:term":[{"taxonomy":"category","embeddable":true,"href":"https:\/\/www.locoxelrojo.com\/independiente\/wp-json\/wp\/v2\/categories?post=76072"},{"taxonomy":"post_tag","embeddable":true,"href":"https:\/\/www.locoxelrojo.com\/independiente\/wp-json\/wp\/v2\/tags?post=76072"}],"curies":[{"name":"wp","href":"https:\/\/api.w.org\/{rel}","templated":true}]}}