{"id":76191,"date":"2018-03-12T12:49:16","date_gmt":"2018-03-12T15:49:16","guid":{"rendered":"http:\/\/www.locoxelrojo.com\/independiente\/?p=76191"},"modified":"2018-03-12T19:39:46","modified_gmt":"2018-03-12T22:39:46","slug":"bustos-meza-citados-la-seleccion","status":"publish","type":"post","link":"https:\/\/www.locoxelrojo.com\/independiente\/2018\/03\/12\/bustos-meza-citados-la-seleccion\/","title":{"rendered":"\u00a1Bustos y Meza, a la Selecci\u00f3n!"},"content":{"rendered":"<p><strong>Jorge Sampaoli<\/strong>\u00a0confirm\u00f3 los futbolistas del medio local que participar\u00e1n en la gira que har\u00e1 Argentina por Europa\u00a0a fin mes y dos de ellos pertenecen a Independiente.<\/p>\n<p><strong>Los jugadores en cuesti\u00f3n son Fabricio Bustos y Maximiliano Meza<\/strong>, quienes estaban desde hace tiempo en la \u00f3rbita\u00a0del entrenador de la Selecci\u00f3n por sus buenos rendimientos en el Rojo.<\/p>\n<p>El Tractor, quien acumula 40 partidos y tres goles con el Rey de Copas, era una fija y ahora tendr\u00e1 su revancha luego de haberse quedado afuera de una de las \u00faltimas listas por una lesi\u00f3n. <strong>Esta ser\u00e1 la segunda vez que integre un plantel con la mayor<\/strong>.<\/p>\n<p>Por su parte, <strong>Maxi fue la grata sorpresa y se meti\u00f3 entre los convocados <\/strong>gracias a<strong>\u00a0<\/strong>su gran presente en el Rey de Copas.\u00a0Desde que lleg\u00f3 a Avellaneda, Meza fue de menor a mayor: hoy acumula\u00a057 partidos y 9 goles.<\/p>\n<p>Cabe destacar que Pablo P\u00e9rez, Cristian Pav\u00f3n (Boca) y Lautaro Mart\u00ednez (Racing) son los otros futbolistas que cit\u00f3 el t\u00e9cnico para <strong>los amistosos de Argentina ante Italia (23 de marzo en Manchester) y Espa\u00f1a (27 de marzo en Madrid)<\/strong>.<\/p>\n<p><a href=\"https:\/\/www.locoxelrojo.com\/independiente\/wp-content\/uploads\/2018\/03\/B268173D-39B5-4F5A-B714-8EF48522DFE8.jpeg\"><img loading=\"lazy\" class=\"alignnone size-full wp-image-76280\" src=\"https:\/\/www.locoxelrojo.com\/independiente\/wp-content\/uploads\/2018\/03\/B268173D-39B5-4F5A-B714-8EF48522DFE8.jpeg\" alt=\"\" width=\"840\" height=\"480\" srcset=\"https:\/\/locoxelrojo.com\/independiente\/wp-content\/uploads\/2018\/03\/B268173D-39B5-4F5A-B714-8EF48522DFE8.jpeg 840w, https:\/\/locoxelrojo.com\/independiente\/wp-content\/uploads\/2018\/03\/B268173D-39B5-4F5A-B714-8EF48522DFE8-300x171.jpeg 300w, https:\/\/locoxelrojo.com\/independiente\/wp-content\/uploads\/2018\/03\/B268173D-39B5-4F5A-B714-8EF48522DFE8-768x439.jpeg 768w, https:\/\/locoxelrojo.com\/independiente\/wp-content\/uploads\/2018\/03\/B268173D-39B5-4F5A-B714-8EF48522DFE8-696x398.jpeg 696w, https:\/\/locoxelrojo.com\/independiente\/wp-content\/uploads\/2018\/03\/B268173D-39B5-4F5A-B714-8EF48522DFE8-735x420.jpeg 735w, https:\/\/locoxelrojo.com\/independiente\/wp-content\/uploads\/2018\/03\/B268173D-39B5-4F5A-B714-8EF48522DFE8-128x73.jpeg 128w, https:\/\/locoxelrojo.com\/independiente\/wp-content\/uploads\/2018\/03\/B268173D-39B5-4F5A-B714-8EF48522DFE8-32x18.jpeg 32w\" sizes=\"(max-width: 840px) 100vw, 840px\" \/><\/a><\/p>\n","protected":false},"excerpt":{"rendered":"<p>Jorge Sampaoli\u00a0confirm\u00f3 los futbolistas del medio local que participar\u00e1n en la gira que har\u00e1 Argentina por Europa\u00a0a fin mes y dos de ellos pertenecen a Independiente. Los jugadores en cuesti\u00f3n son Fabricio Bustos y Maximiliano Meza, quienes estaban desde hace tiempo en la \u00f3rbita\u00a0del entrenador de la Selecci\u00f3n por sus buenos rendimientos en el Rojo. [&hellip;]<\/p>\n","protected":false},"author":19,"featured_media":76192,"comment_status":"open","ping_status":"closed","sticky":false,"template":"","format":"standard","meta":{"_links_to":"","_links_to_target":""},"categories":[3247,3281],"tags":[1027,3487,3303,450],"_links":{"self":[{"href":"https:\/\/www.locoxelrojo.com\/independiente\/wp-json\/wp\/v2\/posts\/76191"}],"collection":[{"href":"https:\/\/www.locoxelrojo.com\/independiente\/wp-json\/wp\/v2\/posts"}],"about":[{"href":"https:\/\/www.locoxelrojo.com\/independiente\/wp-json\/wp\/v2\/types\/post"}],"author":[{"embeddable":true,"href":"https:\/\/www.locoxelrojo.com\/independiente\/wp-json\/wp\/v2\/users\/19"}],"replies":[{"embeddable":true,"href":"https:\/\/www.locoxelrojo.com\/independiente\/wp-json\/wp\/v2\/comments?post=76191"}],"version-history":[{"count":0,"href":"https:\/\/www.locoxelrojo.com\/independiente\/wp-json\/wp\/v2\/posts\/76191\/revisions"}],"wp:featuredmedia":[{"embeddable":true,"href":"https:\/\/www.locoxelrojo.com\/independiente\/wp-json\/wp\/v2\/media\/76192"}],"wp:attachment":[{"href":"https:\/\/www.locoxelrojo.com\/independiente\/wp-json\/wp\/v2\/media?parent=76191"}],"wp:term":[{"taxonomy":"category","embeddable":true,"href":"https:\/\/www.locoxelrojo.com\/independiente\/wp-json\/wp\/v2\/categories?post=76191"},{"taxonomy":"post_tag","embeddable":true,"href":"https:\/\/www.locoxelrojo.com\/independiente\/wp-json\/wp\/v2\/tags?post=76191"}],"curies":[{"name":"wp","href":"https:\/\/api.w.org\/{rel}","templated":true}]}}