{"id":763,"date":"2010-09-08T19:35:25","date_gmt":"2010-09-08T22:35:25","guid":{"rendered":"http:\/\/www.locoxelrojo.com.ar\/independiente\/?p=763"},"modified":"2010-09-08T20:11:01","modified_gmt":"2010-09-08T23:11:01","slug":"julio-comparada-no-tendria-ningun-problema-en-besarle-el-anillo-a-grondona","status":"publish","type":"post","link":"https:\/\/www.locoxelrojo.com\/independiente\/2010\/09\/08\/julio-comparada-no-tendria-ningun-problema-en-besarle-el-anillo-a-grondona\/","title":{"rendered":"Julio Comparada: &#8220;No tendr\u00eda ning\u00fan problema en besarle el anillo a Grondona&#8221;"},"content":{"rendered":"<p><a href=\"http:\/\/www.locoxelrojo.com.ar\/independiente\/wp-content\/uploads\/2010\/09\/JULIOCOMPARADA.jpg\"><img loading=\"lazy\" class=\"alignnone size-full wp-image-764\" title=\"JULIOCOMPARADA\" src=\"http:\/\/www.locoxelrojo.com.ar\/independiente\/wp-content\/uploads\/2010\/09\/JULIOCOMPARADA.jpg\" alt=\"\" width=\"550\" height=\"315\" srcset=\"https:\/\/locoxelrojo.com\/independiente\/wp-content\/uploads\/2010\/09\/JULIOCOMPARADA.jpg 550w, https:\/\/locoxelrojo.com\/independiente\/wp-content\/uploads\/2010\/09\/JULIOCOMPARADA-300x171.jpg 300w\" sizes=\"(max-width: 550px) 100vw, 550px\" \/><\/a><\/p>\n<p>Julio Comparada dialog\u00f3 con Un Buen Momento, el programa de Mariano Closs en su versi\u00f3n vespertina (Lunes a viernes de 18 a 21) mediante la gesti\u00f3n de Renato Delapaolera, quien se encontraba presenciando el d\u00eda de los ex futbolistas del club en el estadio Libertadores de Am\u00e9rica.<\/p>\n<p>De entrada, el mandam\u00e1s rojo tild\u00f3 el acto de \u201c<strong>importante<\/strong>\u201d y aclar\u00f3 que desde ahora en adelante, \u201c<strong>el 8 de septiembre lo hemos fijado como el d\u00eda del ex jugador de la primera de Independiente, del f\u00fatbol de Independiente. Estamos con todas las glorias, con muchas de las glorias del club descubriendo una plaqueta asique estamos muy contentos.<\/strong>\u201d Sin embargo, ante el cuestionamiento de por qu\u00e9 se ausentaban determinadas glorias del club, Comparada fue frontal. \u201c<strong>Por suerte hay muchos que ya no est\u00e1n en el club<\/strong>\u201d, manifest\u00f3.<\/p>\n<p>En cuanto a su nuevo encuentro con Julio Grondona en comit\u00e9 ejecutivo. Julio Comparada aclar\u00f3 que  si bien la semana pasada estuvo en la AFA, con Grondona, \u201c<strong>m\u00e1s all\u00e1 de que a veces uno tenga pensamientos o posiciones diferentes; siempre hemos tenido una relaci\u00f3n de mucho respeto y eso no ha cambiado<\/strong>.\u201d Es por eso que como presidente del club, debi\u00f3 hacerse presente para fijar su posici\u00f3n respecto a las 72 horas que Independiente pretend\u00eda entre el partido con Argentinos Juniors y Quilmes.<\/p>\n<p>\u201c<strong>Cuando hay algo puntual tengo que ir y tener m\u00e1s presencia por el bien de Independiente<\/strong>\u201d, asimil\u00f3 Comparada y reflot\u00f3 el v\u00ednculo con el presidente de la Asociaci\u00f3n del F\u00fatbol Argenetino. \u201c<strong>No tendr\u00eda ning\u00fan problema en besarle el anillo a Grondona<\/strong>\u201d, cerr\u00f3 sobre el tema.<\/p>\n<p>Es por eso que, dicho por las propias palabras de Comparada y confirmado por la AFA desde la semana pasada, \u201c<strong>en buena hora para Independiente jugamos m\u00e1s tarde. La relaci\u00f3n interna en el f\u00fatbol es importante, uno trata de ser respetuoso y de poder conservar su lugar<\/strong>\u201d, explic\u00f3.<\/p>\n<p>Sobre el presente futbol\u00edstico, el presidente dijo que \u201c<strong>uno trata de hacer las cosas para que el club este cada d\u00eda mejor y es dif\u00edcil porque venimos de momentos de mucha adversidad. Igual estamos con mucha ilusi\u00f3n<\/strong>.\u201d Luego del \u00faltimo fin de semana, el panorama cambi\u00f3 y si bien no lo quiso catalogar de \u201c<strong>auspicioso<\/strong>\u201d, desde la mirada de Comparada,  \u201c<strong>de mantener el nivel del s\u00e1bado vamos a ganar m\u00e1s de lo que se pierda<\/strong>\u201d.<\/p>\n<p>Debido a lo anteriormente mencionado, \u201c<strong>el partido de ma\u00f1ana es muy importante y se vive con mucha ilusi\u00f3n<\/strong>.\u201d Para finalizar, Comparada confirm\u00f3 que vuelven las obras en los pr\u00f3ximos d\u00edas.\u201d<strong>Vamos a seguir trabajando en las cosas que tomamos compromiso con la gente. El lunes 20 comienzan las obras en la Bochini<\/strong>\u201d, concluy\u00f3.<\/p>\n","protected":false},"excerpt":{"rendered":"<p>Julio Comparada dialog\u00f3 con Un Buen Momento, el programa de Mariano Closs en su versi\u00f3n vespertina (Lunes a viernes de 18 a 21) mediante la gesti\u00f3n de Renato Delapaolera, quien se encontraba presenciando el d\u00eda de los ex futbolistas del club en el estadio Libertadores de Am\u00e9rica. De entrada, el mandam\u00e1s rojo tild\u00f3 el acto [&hellip;]<\/p>\n","protected":false},"author":1,"featured_media":0,"comment_status":"open","ping_status":"open","sticky":false,"template":"","format":"standard","meta":{"_links_to":"","_links_to_target":""},"categories":[4,1],"tags":[33],"_links":{"self":[{"href":"https:\/\/www.locoxelrojo.com\/independiente\/wp-json\/wp\/v2\/posts\/763"}],"collection":[{"href":"https:\/\/www.locoxelrojo.com\/independiente\/wp-json\/wp\/v2\/posts"}],"about":[{"href":"https:\/\/www.locoxelrojo.com\/independiente\/wp-json\/wp\/v2\/types\/post"}],"author":[{"embeddable":true,"href":"https:\/\/www.locoxelrojo.com\/independiente\/wp-json\/wp\/v2\/users\/1"}],"replies":[{"embeddable":true,"href":"https:\/\/www.locoxelrojo.com\/independiente\/wp-json\/wp\/v2\/comments?post=763"}],"version-history":[{"count":0,"href":"https:\/\/www.locoxelrojo.com\/independiente\/wp-json\/wp\/v2\/posts\/763\/revisions"}],"wp:attachment":[{"href":"https:\/\/www.locoxelrojo.com\/independiente\/wp-json\/wp\/v2\/media?parent=763"}],"wp:term":[{"taxonomy":"category","embeddable":true,"href":"https:\/\/www.locoxelrojo.com\/independiente\/wp-json\/wp\/v2\/categories?post=763"},{"taxonomy":"post_tag","embeddable":true,"href":"https:\/\/www.locoxelrojo.com\/independiente\/wp-json\/wp\/v2\/tags?post=763"}],"curies":[{"name":"wp","href":"https:\/\/api.w.org\/{rel}","templated":true}]}}