{"id":76353,"date":"2018-03-14T19:00:28","date_gmt":"2018-03-14T22:00:28","guid":{"rendered":"http:\/\/www.locoxelrojo.com\/independiente\/?p=76353"},"modified":"2018-03-15T01:34:56","modified_gmt":"2018-03-15T04:34:56","slug":"asi-llega-millonarios-independiente","status":"publish","type":"post","link":"https:\/\/www.locoxelrojo.com\/independiente\/2018\/03\/14\/asi-llega-millonarios-independiente\/","title":{"rendered":"As\u00ed llega Millonarios"},"content":{"rendered":"<p><strong>Independiente recibir\u00e1 este jueves desde las 21:30 a Millonarios de Colombia por la segunda fecha del grupo 7 de la Copa Libertadores 2018.<\/strong>\u00a0Al igual que el Rojo, el conjunto cafetero buscar\u00e1 su primera victoria en el certamen.<\/p>\n<p>El jueves pasado, el equipo de Bogot\u00e1 tuvo su \u00faltima presentaci\u00f3n ante Rio Negro \u00c1guilas por el torneo local y cay\u00f3 derrotado por 3-1. <strong>En lo que respecta al plano internacional, en la primera fecha empat\u00f3 como local sin goles ante Corinthians y qued\u00f3 segundo en el grupo 7.<\/strong><\/p>\n<p>Para este encuentro, lo m\u00e1s llamativo es que Millonarios no podr\u00e1 contar con Miguel \u00c1ngel Russo en el banco de suplentes. <strong>El DT se encuentra en Buenos Aires realizando la rehabilitaci\u00f3n luego de ser operado de c\u00e1ncer de pr\u00f3stata y desde el club informaron que estar\u00e1 unos d\u00edas m\u00e1s en Argentina hasta sumarse nuevamente al cuerpo t\u00e9cnico.<\/strong><\/p>\n<p>Con lo que respecta al posible equipo para jugar en Avellaneda, la \u00fanica baja confirmada ser\u00e1 <strong>Juan Guillermo Dom\u00ednguez que estar\u00e1 ausente por lesi\u00f3n.\u00a0<\/strong>La idea del cuerpo t\u00e9cnico es poner en cancha el mejor equipo posible, con la idea de dar el batacazo en el Libertadores de Am\u00e9rica.<\/p>\n<p>En definitiva, el posible equipo de Millonarios ser\u00eda:\u00a0<strong>Wuilker Far\u00ed\u00f1ez; Jair Palacios, Andr\u00e9s Cadavid, Mat\u00edas De los Santos, Felipe Banguero; John Duque, El\u00edser Qui\u00f1ones, Roberto Ovelar, David Silva; Christian Hu\u00e9rfano y Ayron Del Valle.<\/strong><\/p>\n<p>&nbsp;<\/p>\n<p>&nbsp;<\/p>\n","protected":false},"excerpt":{"rendered":"<p>Independiente recibir\u00e1 este jueves desde las 21:30 a Millonarios de Colombia por la segunda fecha del grupo 7 de la Copa Libertadores 2018.\u00a0Al igual que el Rojo, el conjunto cafetero buscar\u00e1 su primera victoria en el certamen. El jueves pasado, el equipo de Bogot\u00e1 tuvo su \u00faltima presentaci\u00f3n ante Rio Negro \u00c1guilas por el torneo [&hellip;]<\/p>\n","protected":false},"author":14,"featured_media":76354,"comment_status":"open","ping_status":"closed","sticky":false,"template":"","format":"standard","meta":{"_links_to":"","_links_to_target":""},"categories":[1990,3247],"tags":[153,3499,3275,2845],"_links":{"self":[{"href":"https:\/\/www.locoxelrojo.com\/independiente\/wp-json\/wp\/v2\/posts\/76353"}],"collection":[{"href":"https:\/\/www.locoxelrojo.com\/independiente\/wp-json\/wp\/v2\/posts"}],"about":[{"href":"https:\/\/www.locoxelrojo.com\/independiente\/wp-json\/wp\/v2\/types\/post"}],"author":[{"embeddable":true,"href":"https:\/\/www.locoxelrojo.com\/independiente\/wp-json\/wp\/v2\/users\/14"}],"replies":[{"embeddable":true,"href":"https:\/\/www.locoxelrojo.com\/independiente\/wp-json\/wp\/v2\/comments?post=76353"}],"version-history":[{"count":0,"href":"https:\/\/www.locoxelrojo.com\/independiente\/wp-json\/wp\/v2\/posts\/76353\/revisions"}],"wp:featuredmedia":[{"embeddable":true,"href":"https:\/\/www.locoxelrojo.com\/independiente\/wp-json\/wp\/v2\/media\/76354"}],"wp:attachment":[{"href":"https:\/\/www.locoxelrojo.com\/independiente\/wp-json\/wp\/v2\/media?parent=76353"}],"wp:term":[{"taxonomy":"category","embeddable":true,"href":"https:\/\/www.locoxelrojo.com\/independiente\/wp-json\/wp\/v2\/categories?post=76353"},{"taxonomy":"post_tag","embeddable":true,"href":"https:\/\/www.locoxelrojo.com\/independiente\/wp-json\/wp\/v2\/tags?post=76353"}],"curies":[{"name":"wp","href":"https:\/\/api.w.org\/{rel}","templated":true}]}}