{"id":76383,"date":"2018-03-15T23:25:55","date_gmt":"2018-03-16T02:25:55","guid":{"rendered":"http:\/\/www.locoxelrojo.com\/independiente\/?p=76383"},"modified":"2018-03-16T03:26:29","modified_gmt":"2018-03-16T06:26:29","slug":"holan-conto-la-discriminacion-sufrio-gaibor","status":"publish","type":"post","link":"https:\/\/www.locoxelrojo.com\/independiente\/2018\/03\/15\/holan-conto-la-discriminacion-sufrio-gaibor\/","title":{"rendered":"Holan cont\u00f3 la discriminaci\u00f3n que sufri\u00f3 Gaibor"},"content":{"rendered":"<p>Tras hablar en conferencia de prensa, <strong>Ariel Holan tuvo una charla donde cont\u00f3 dos duros episodios que sufri\u00f3 el ecuatoriano, recientemente llegado a la Argentina.<\/strong><\/p>\n<p>Al referirse por la adaptaci\u00f3n de los refuerzos, el DT de Independiente tuvo que hacer una pausa y explicar la particular situaci\u00f3n que tuvo que vive Fernando Gaibor. <strong>En primer lugar, relat\u00f3 que reci\u00e9n la semana pasada pudo terminar de instalarse con su familia en el pa\u00eds, pero eso fue lo m\u00e1s leve.<\/strong><\/p>\n<p>Inmediatamente despu\u00e9s, en di\u00e1logo con Radio La Red, narr\u00f3 una historia bastante incre\u00edble y sorpresiva: <strong>cerca de un peaje ubicado en Dock Sud, la polic\u00eda par\u00f3 al ecuatoriano y empez\u00f3 a requisar al jugador, confundi\u00e9ndolo con un sospechoso pr\u00f3fugo al que buscaban.<\/strong><\/p>\n<p>Y, como si eso no fuera suficiente, el &#8220;10&#8221; tuvo la intenci\u00f3n de adquirir un auto para su uso particular y <strong>en la concesionaria a la que fue a consultar le negaron los precios de los autos en un acto total de discriminaci\u00f3n y asegurando que el mediocampista &#8220;no ten\u00eda suficiente dinero&#8221;<\/strong>.<\/p>\n","protected":false},"excerpt":{"rendered":"<p>Tras hablar en conferencia de prensa, Ariel Holan tuvo una charla donde cont\u00f3 dos duros episodios que sufri\u00f3 el ecuatoriano, recientemente llegado a la Argentina. Al referirse por la adaptaci\u00f3n de los refuerzos, el DT de Independiente tuvo que hacer una pausa y explicar la particular situaci\u00f3n que tuvo que vive Fernando Gaibor. En primer [&hellip;]<\/p>\n","protected":false},"author":16,"featured_media":76070,"comment_status":"open","ping_status":"closed","sticky":false,"template":"","format":"standard","meta":{"_links_to":"","_links_to_target":""},"categories":[3280,3247,3],"tags":[2998,153,3747,1682],"_links":{"self":[{"href":"https:\/\/www.locoxelrojo.com\/independiente\/wp-json\/wp\/v2\/posts\/76383"}],"collection":[{"href":"https:\/\/www.locoxelrojo.com\/independiente\/wp-json\/wp\/v2\/posts"}],"about":[{"href":"https:\/\/www.locoxelrojo.com\/independiente\/wp-json\/wp\/v2\/types\/post"}],"author":[{"embeddable":true,"href":"https:\/\/www.locoxelrojo.com\/independiente\/wp-json\/wp\/v2\/users\/16"}],"replies":[{"embeddable":true,"href":"https:\/\/www.locoxelrojo.com\/independiente\/wp-json\/wp\/v2\/comments?post=76383"}],"version-history":[{"count":2,"href":"https:\/\/www.locoxelrojo.com\/independiente\/wp-json\/wp\/v2\/posts\/76383\/revisions"}],"predecessor-version":[{"id":76408,"href":"https:\/\/www.locoxelrojo.com\/independiente\/wp-json\/wp\/v2\/posts\/76383\/revisions\/76408"}],"wp:featuredmedia":[{"embeddable":true,"href":"https:\/\/www.locoxelrojo.com\/independiente\/wp-json\/wp\/v2\/media\/76070"}],"wp:attachment":[{"href":"https:\/\/www.locoxelrojo.com\/independiente\/wp-json\/wp\/v2\/media?parent=76383"}],"wp:term":[{"taxonomy":"category","embeddable":true,"href":"https:\/\/www.locoxelrojo.com\/independiente\/wp-json\/wp\/v2\/categories?post=76383"},{"taxonomy":"post_tag","embeddable":true,"href":"https:\/\/www.locoxelrojo.com\/independiente\/wp-json\/wp\/v2\/tags?post=76383"}],"curies":[{"name":"wp","href":"https:\/\/api.w.org\/{rel}","templated":true}]}}