{"id":76546,"date":"2018-03-23T17:15:50","date_gmt":"2018-03-23T20:15:50","guid":{"rendered":"http:\/\/www.locoxelrojo.com\/independiente\/?p=76546"},"modified":"2018-03-24T00:39:00","modified_gmt":"2018-03-24T03:39:00","slug":"maldonado-ojala-que-el-abusador-sea-condenado-vaya-preso","status":"publish","type":"post","link":"https:\/\/www.locoxelrojo.com\/independiente\/2018\/03\/23\/maldonado-ojala-que-el-abusador-sea-condenado-vaya-preso\/","title":{"rendered":"Maldonado: \u201cOjal\u00e1 que el abusador sea condenado y vaya preso&#8221;"},"content":{"rendered":"<p>H\u00e9ctor Maldonado fue otra de las autoridades de Independiente que se refiri\u00f3 p\u00fablicamente <a href=\"https:\/\/www.locoxelrojo.com\/independiente\/2018\/03\/22\/origen-de-denuncia\/\">a la causa sobre abuso en la que se vieron involucrados los juveniles del Rojo<\/a>.<\/p>\n<p><strong>\u201cNos enteramos ayer. Estoy preocupado. Fernando Ber\u00f3n me informa a \u00faltima hora. Enseguida se hizo la denuncia, esto tiene que ver con que hay profesionales dentro de la pensi\u00f3n. Ahora hay que dejar que act\u00fae la Justicia\u201d<\/strong>, expres\u00f3 en di\u00e1logo con De La Cuna Al Infierno. Y agreg\u00f3: <strong>\u201cOjal\u00e1 que el abusador sea condenado y vaya preso\u201d<\/strong>.<\/p>\n<p>No fue el \u00fanico dirigente que se hizo eco de lo ocurrido. Tambi\u00e9n <a href=\"https:\/\/www.locoxelrojo.com\/independiente\/2018\/03\/22\/carlos-montana-la-justicia-debe-actuar-porque-es-un-delito-muy-grave\/\">habl\u00f3 el vicepresidente Carlos Monta\u00f1a<\/a> y, por su parte, <a href=\"https:\/\/www.locoxelrojo.com\/independiente\/2018\/03\/22\/comunicado-que-emitio-club\/\">Independiente envi\u00f3 un comunicado de prensa<\/a> repudiando el hecho y poni\u00e9ndose a disposici\u00f3n de la Justicia para que el caso llegue a las \u00faltimas consecuencias.<\/p>\n<p>Para cerrar, acerca del jugador de Inferiores que facilitaba a sus compa\u00f1eros y las personas implicadas, explic\u00f3:<strong> \u201c\u00c9l estaba lesionado. El implicado no va a ser m\u00e1s jugador de Independiente. Esto es una alerta para todas las Inferiores de los clubes de la Argentina. Esto puede estar pasando tambi\u00e9n en otros lados&#8221;<\/strong>.<\/p>\n","protected":false},"excerpt":{"rendered":"<p>H\u00e9ctor Maldonado fue otra de las autoridades de Independiente que se refiri\u00f3 p\u00fablicamente a la causa sobre abuso en la que se vieron involucrados los juveniles del Rojo. \u201cNos enteramos ayer. Estoy preocupado. Fernando Ber\u00f3n me informa a \u00faltima hora. Enseguida se hizo la denuncia, esto tiene que ver con que hay profesionales dentro de [&hellip;]<\/p>\n","protected":false},"author":25,"featured_media":76547,"comment_status":"open","ping_status":"closed","sticky":false,"template":"","format":"standard","meta":{"_links_to":"","_links_to_target":""},"categories":[3280,3247],"tags":[2636],"_links":{"self":[{"href":"https:\/\/www.locoxelrojo.com\/independiente\/wp-json\/wp\/v2\/posts\/76546"}],"collection":[{"href":"https:\/\/www.locoxelrojo.com\/independiente\/wp-json\/wp\/v2\/posts"}],"about":[{"href":"https:\/\/www.locoxelrojo.com\/independiente\/wp-json\/wp\/v2\/types\/post"}],"author":[{"embeddable":true,"href":"https:\/\/www.locoxelrojo.com\/independiente\/wp-json\/wp\/v2\/users\/25"}],"replies":[{"embeddable":true,"href":"https:\/\/www.locoxelrojo.com\/independiente\/wp-json\/wp\/v2\/comments?post=76546"}],"version-history":[{"count":0,"href":"https:\/\/www.locoxelrojo.com\/independiente\/wp-json\/wp\/v2\/posts\/76546\/revisions"}],"wp:featuredmedia":[{"embeddable":true,"href":"https:\/\/www.locoxelrojo.com\/independiente\/wp-json\/wp\/v2\/media\/76547"}],"wp:attachment":[{"href":"https:\/\/www.locoxelrojo.com\/independiente\/wp-json\/wp\/v2\/media?parent=76546"}],"wp:term":[{"taxonomy":"category","embeddable":true,"href":"https:\/\/www.locoxelrojo.com\/independiente\/wp-json\/wp\/v2\/categories?post=76546"},{"taxonomy":"post_tag","embeddable":true,"href":"https:\/\/www.locoxelrojo.com\/independiente\/wp-json\/wp\/v2\/tags?post=76546"}],"curies":[{"name":"wp","href":"https:\/\/api.w.org\/{rel}","templated":true}]}}