{"id":76555,"date":"2018-03-23T17:30:45","date_gmt":"2018-03-23T20:30:45","guid":{"rendered":"http:\/\/www.locoxelrojo.com\/independiente\/?p=76555"},"modified":"2018-03-24T00:37:55","modified_gmt":"2018-03-24T03:37:55","slug":"nuevo-embargo-de-cesar-menotti","status":"publish","type":"post","link":"https:\/\/www.locoxelrojo.com\/independiente\/2018\/03\/23\/nuevo-embargo-de-cesar-menotti\/","title":{"rendered":"Nuevo embargo de Menotti"},"content":{"rendered":"<p><strong>C\u00e9sar Luis Menotti volvi\u00f3 a embargar a Independiente. Si el club no cancela la deuda que \u00e9l reclama, la Sede Boyac\u00e1 podr\u00eda ir a remate.<\/strong><\/p>\n<p>La Justicia aprob\u00f3 un nuevo pedido de embargo del Flaco, quien reclama <strong>una deuda cercana al mill\u00f3n de d\u00f3lares correspondiente a sus etapas como entrenador y m\u00e1nager<\/strong> del club. Si no se cancela esa deuda en el plazo estipulado, podr\u00eda ordenarse el <strong>remate de la Sede Social de Capital Federal<\/strong>, ubicada en Boyac\u00e1 470.<\/p>\n<p>Cabe recordar que <strong>Menotti ya hab\u00eda embargado al Rojo en abril de 2015<\/strong>, aunque aquella vez fue por la mitad del dinero que ahora reclama.<\/p>\n","protected":false},"excerpt":{"rendered":"<p>C\u00e9sar Luis Menotti volvi\u00f3 a embargar a Independiente. Si el club no cancela la deuda que \u00e9l reclama, la Sede Boyac\u00e1 podr\u00eda ir a remate. La Justicia aprob\u00f3 un nuevo pedido de embargo del Flaco, quien reclama una deuda cercana al mill\u00f3n de d\u00f3lares correspondiente a sus etapas como entrenador y m\u00e1nager del club. Si [&hellip;]<\/p>\n","protected":false},"author":8,"featured_media":76556,"comment_status":"open","ping_status":"closed","sticky":false,"template":"","format":"standard","meta":{"_links_to":"","_links_to_target":""},"categories":[3247,4],"tags":[24,3211],"_links":{"self":[{"href":"https:\/\/www.locoxelrojo.com\/independiente\/wp-json\/wp\/v2\/posts\/76555"}],"collection":[{"href":"https:\/\/www.locoxelrojo.com\/independiente\/wp-json\/wp\/v2\/posts"}],"about":[{"href":"https:\/\/www.locoxelrojo.com\/independiente\/wp-json\/wp\/v2\/types\/post"}],"author":[{"embeddable":true,"href":"https:\/\/www.locoxelrojo.com\/independiente\/wp-json\/wp\/v2\/users\/8"}],"replies":[{"embeddable":true,"href":"https:\/\/www.locoxelrojo.com\/independiente\/wp-json\/wp\/v2\/comments?post=76555"}],"version-history":[{"count":0,"href":"https:\/\/www.locoxelrojo.com\/independiente\/wp-json\/wp\/v2\/posts\/76555\/revisions"}],"wp:featuredmedia":[{"embeddable":true,"href":"https:\/\/www.locoxelrojo.com\/independiente\/wp-json\/wp\/v2\/media\/76556"}],"wp:attachment":[{"href":"https:\/\/www.locoxelrojo.com\/independiente\/wp-json\/wp\/v2\/media?parent=76555"}],"wp:term":[{"taxonomy":"category","embeddable":true,"href":"https:\/\/www.locoxelrojo.com\/independiente\/wp-json\/wp\/v2\/categories?post=76555"},{"taxonomy":"post_tag","embeddable":true,"href":"https:\/\/www.locoxelrojo.com\/independiente\/wp-json\/wp\/v2\/tags?post=76555"}],"curies":[{"name":"wp","href":"https:\/\/api.w.org\/{rel}","templated":true}]}}