{"id":76640,"date":"2018-03-29T18:29:05","date_gmt":"2018-03-29T21:29:05","guid":{"rendered":"http:\/\/www.locoxelrojo.com\/independiente\/?p=76640"},"modified":"2018-03-29T23:10:07","modified_gmt":"2018-03-30T02:10:07","slug":"los-pibes-independiente-tropezaron-ante-talleres","status":"publish","type":"post","link":"https:\/\/www.locoxelrojo.com\/independiente\/2018\/03\/29\/los-pibes-independiente-tropezaron-ante-talleres\/","title":{"rendered":"Los pibes tropezaron ante Talleres"},"content":{"rendered":"<p><strong>Las Divisiones Inferiores de Independiente enfrentaron a Talleres por la 3\u00ba fecha del campeonato. Los menores fueron locales en Villa Dom\u00ednico y los m\u00e1s grandes viajaron a C\u00f3rdoba.<\/strong><\/p>\n<p>Despu\u00e9s de dos jornadas muy positivas <a href=\"https:\/\/www.locoxelrojo.com\/independiente\/2018\/03\/17\/los-pibes-independiente-rozaron-la-perfeccion-en-el-debut\/\">contra Temperley<\/a> y <a href=\"https:\/\/www.locoxelrojo.com\/independiente\/2018\/03\/24\/gran-sabado-juveniles-independiente-ante-san-martin\/\">San Mart\u00edn de San Juan<\/a>, los pibes del Rojo tropezaron ante la T. <strong>S\u00f3lo pudieron sumar un triunfo en condici\u00f3n de local<\/strong>, sufrieron una dura goleada y apenas convirtieron tres goles en seis partidos.<\/p>\n<p>El saldo fue de apenas <strong>4 puntos de 18 posibles<\/strong>, producto de <strong>1 victoria<\/strong> (S\u00e9ptima), <strong>1 empate<\/strong> (Quinta) <strong>y 4 derrotas<\/strong> (Cuarta, Sexta, Octava y Novena).<\/p>\n<h3>Los resultados y goleadores frente a la T<\/h3>\n<p><strong>Cuarta Divisi\u00f3n<\/strong><br \/>\nTalleres 1 &#8211; 0 Independiente<\/p>\n<p><strong>Quinta Divisi\u00f3n<\/strong><br \/>\nTalleres 1 &#8211; 1 Independiente (Antonio Erburu)<\/p>\n<p><strong>Sexta Divisi\u00f3n<\/strong><br \/>\nTalleres 1 &#8211; 0 Independiente<\/p>\n<p><strong>S\u00e9ptima Divisi\u00f3n<\/strong><br \/>\nIndependiente 2 &#8211; 1 Talleres (Rodrigo M\u00e1rquez)<\/p>\n<p><strong>Octava Divisi\u00f3n<\/strong><br \/>\nIndependiente 0 &#8211; 2 Talleres<\/p>\n<p><strong>Novena Divisi\u00f3n<\/strong><br \/>\nIndependiente 0 &#8211; 3 Talleres<\/p>\n","protected":false},"excerpt":{"rendered":"<p>Las Divisiones Inferiores de Independiente enfrentaron a Talleres por la 3\u00ba fecha del campeonato. Los menores fueron locales en Villa Dom\u00ednico y los m\u00e1s grandes viajaron a C\u00f3rdoba. Despu\u00e9s de dos jornadas muy positivas contra Temperley y San Mart\u00edn de San Juan, los pibes del Rojo tropezaron ante la T. S\u00f3lo pudieron sumar un triunfo [&hellip;]<\/p>\n","protected":false},"author":8,"featured_media":76641,"comment_status":"open","ping_status":"closed","sticky":false,"template":"","format":"standard","meta":{"_links_to":"","_links_to_target":""},"categories":[3247,5],"tags":[3631,529],"_links":{"self":[{"href":"https:\/\/www.locoxelrojo.com\/independiente\/wp-json\/wp\/v2\/posts\/76640"}],"collection":[{"href":"https:\/\/www.locoxelrojo.com\/independiente\/wp-json\/wp\/v2\/posts"}],"about":[{"href":"https:\/\/www.locoxelrojo.com\/independiente\/wp-json\/wp\/v2\/types\/post"}],"author":[{"embeddable":true,"href":"https:\/\/www.locoxelrojo.com\/independiente\/wp-json\/wp\/v2\/users\/8"}],"replies":[{"embeddable":true,"href":"https:\/\/www.locoxelrojo.com\/independiente\/wp-json\/wp\/v2\/comments?post=76640"}],"version-history":[{"count":1,"href":"https:\/\/www.locoxelrojo.com\/independiente\/wp-json\/wp\/v2\/posts\/76640\/revisions"}],"predecessor-version":[{"id":76642,"href":"https:\/\/www.locoxelrojo.com\/independiente\/wp-json\/wp\/v2\/posts\/76640\/revisions\/76642"}],"wp:featuredmedia":[{"embeddable":true,"href":"https:\/\/www.locoxelrojo.com\/independiente\/wp-json\/wp\/v2\/media\/76641"}],"wp:attachment":[{"href":"https:\/\/www.locoxelrojo.com\/independiente\/wp-json\/wp\/v2\/media?parent=76640"}],"wp:term":[{"taxonomy":"category","embeddable":true,"href":"https:\/\/www.locoxelrojo.com\/independiente\/wp-json\/wp\/v2\/categories?post=76640"},{"taxonomy":"post_tag","embeddable":true,"href":"https:\/\/www.locoxelrojo.com\/independiente\/wp-json\/wp\/v2\/tags?post=76640"}],"curies":[{"name":"wp","href":"https:\/\/api.w.org\/{rel}","templated":true}]}}