{"id":76771,"date":"2018-04-04T21:32:44","date_gmt":"2018-04-05T00:32:44","guid":{"rendered":"http:\/\/www.locoxelrojo.com\/independiente\/?p=76771"},"modified":"2018-04-05T16:30:39","modified_gmt":"2018-04-05T19:30:39","slug":"fabricio-bustos-vio-su-primera-roja","status":"publish","type":"post","link":"https:\/\/www.locoxelrojo.com\/independiente\/2018\/04\/04\/fabricio-bustos-vio-su-primera-roja\/","title":{"rendered":"Bustos vio su primera roja"},"content":{"rendered":"<p><strong>Fabricio Bustos sufri\u00f3 la primera expulsi\u00f3n de su carrera ante San Lorenzo y no podr\u00e1 ser de la partida en el pr\u00f3ximo partido ante Talleres de C\u00f3rdoba<\/strong>.<\/p>\n<p>Corr\u00edan los 30 minutos del complemento cuando Bustos trab\u00f3 de manera desmedida ante Robert Piris Da Motta, motivo por el cual el \u00e1rbitro, Patricio Loustau, le propin\u00f3 la segunda amarilla en el partido y posteriormente la tarjeta roja. <strong>Esta fue la primera en 44 partidos jugados<\/strong>.<\/p>\n<blockquote class=\"twitter-video\" data-lang=\"es\">\n<p dir=\"ltr\" lang=\"es\"><a href=\"https:\/\/twitter.com\/hashtag\/TNTSports?src=hash&amp;ref_src=twsrc%5Etfw\">#TNTSports<\/a> | Le meti\u00f3 Bustos a Piris Da Motta y se llev\u00f3 la segunda amarilla del partido. Queda con diez el Rojo.<br \/>\n<a href=\"https:\/\/twitter.com\/hashtag\/Independiente?src=hash&amp;ref_src=twsrc%5Etfw\">#Independiente<\/a> &#x1f19a; <a href=\"https:\/\/twitter.com\/hashtag\/SanLorenzo?src=hash&amp;ref_src=twsrc%5Etfw\">#SanLorenzo<\/a> <a href=\"https:\/\/t.co\/a1SKg7Z8WO\">pic.twitter.com\/a1SKg7Z8WO<\/a><\/p>\n<p>\u2014 TNT Sports LA (@TNTSportsLA) <a href=\"https:\/\/twitter.com\/TNTSportsLA\/status\/981693069115392000?ref_src=twsrc%5Etfw\">5 de abril de 2018<\/a><\/p><\/blockquote>\n<p><script async src=\"https:\/\/platform.twitter.com\/widgets.js\" charset=\"utf-8\"><\/script><\/p>\n<p>Ariel Holan debi\u00f3 reacomodar la defensa y jugar con l\u00ednea de tres en el fondo. El t\u00e9cnico ya debe pensar qui\u00e9n ocupar\u00e1 el puesto de lateral derecho ante Talleres, encuentro que ser\u00e1 vital para la clasificaci\u00f3n a la pr\u00f3xima Copa Libertadores.<\/p>\n","protected":false},"excerpt":{"rendered":"<p>Fabricio Bustos sufri\u00f3 la primera expulsi\u00f3n de su carrera ante San Lorenzo y no podr\u00e1 ser de la partida en el pr\u00f3ximo partido ante Talleres de C\u00f3rdoba. Corr\u00edan los 30 minutos del complemento cuando Bustos trab\u00f3 de manera desmedida ante Robert Piris Da Motta, motivo por el cual el \u00e1rbitro, Patricio Loustau, le propin\u00f3 la [&hellip;]<\/p>\n","protected":false},"author":24,"featured_media":76778,"comment_status":"open","ping_status":"closed","sticky":false,"template":"","format":"standard","meta":{"_links_to":"","_links_to_target":""},"categories":[3247,3],"tags":[153,1027,382,3559],"_links":{"self":[{"href":"https:\/\/www.locoxelrojo.com\/independiente\/wp-json\/wp\/v2\/posts\/76771"}],"collection":[{"href":"https:\/\/www.locoxelrojo.com\/independiente\/wp-json\/wp\/v2\/posts"}],"about":[{"href":"https:\/\/www.locoxelrojo.com\/independiente\/wp-json\/wp\/v2\/types\/post"}],"author":[{"embeddable":true,"href":"https:\/\/www.locoxelrojo.com\/independiente\/wp-json\/wp\/v2\/users\/24"}],"replies":[{"embeddable":true,"href":"https:\/\/www.locoxelrojo.com\/independiente\/wp-json\/wp\/v2\/comments?post=76771"}],"version-history":[{"count":0,"href":"https:\/\/www.locoxelrojo.com\/independiente\/wp-json\/wp\/v2\/posts\/76771\/revisions"}],"wp:featuredmedia":[{"embeddable":true,"href":"https:\/\/www.locoxelrojo.com\/independiente\/wp-json\/wp\/v2\/media\/76778"}],"wp:attachment":[{"href":"https:\/\/www.locoxelrojo.com\/independiente\/wp-json\/wp\/v2\/media?parent=76771"}],"wp:term":[{"taxonomy":"category","embeddable":true,"href":"https:\/\/www.locoxelrojo.com\/independiente\/wp-json\/wp\/v2\/categories?post=76771"},{"taxonomy":"post_tag","embeddable":true,"href":"https:\/\/www.locoxelrojo.com\/independiente\/wp-json\/wp\/v2\/tags?post=76771"}],"curies":[{"name":"wp","href":"https:\/\/api.w.org\/{rel}","templated":true}]}}