{"id":77142,"date":"2018-04-21T21:13:21","date_gmt":"2018-04-22T00:13:21","guid":{"rendered":"http:\/\/www.locoxelrojo.com\/independiente\/?p=77142"},"modified":"2018-04-21T21:44:39","modified_gmt":"2018-04-22T00:44:39","slug":"tenis-solidario-y-homenaje-a-gaston-gaudio","status":"publish","type":"post","link":"https:\/\/www.locoxelrojo.com\/independiente\/2018\/04\/21\/tenis-solidario-y-homenaje-a-gaston-gaudio\/","title":{"rendered":"Tenis solidario y homenaje a Gaudio"},"content":{"rendered":"<p><strong>En una jornada solidaria que tuvo como protagonista a Gast\u00f3n Gaudio, el club le puso su nombre a la cancha n\u00famero 1 del Complejo de Tenis.<\/strong><\/p>\n<p>Este s\u00e1bado por la ma\u00f1ana, se llev\u00f3 a cabo un evento solidario en el predio de tenis que incluy\u00f3 una cl\u00ednica con jugadores de La Legi\u00f3n Argentina de Tenis. <strong>El Gato, reconocido hincha de Independiente, fue la estrella principal del d\u00eda y el club inmortaliz\u00f3 su nombre en el Complejo<\/strong>.<\/p>\n<blockquote class=\"twitter-tweet\" data-lang=\"es\">\n<p dir=\"ltr\" lang=\"es\">La Legi\u00f3n visita al Rey de Copas <a href=\"https:\/\/twitter.com\/zabala7?ref_src=twsrc%5Etfw\">@zabala7<\/a> <a href=\"https:\/\/twitter.com\/CalleriOk?ref_src=twsrc%5Etfw\">@CalleriOk<\/a> <a href=\"https:\/\/twitter.com\/gastongaudio?ref_src=twsrc%5Etfw\">@gastongaudio<\/a> <a href=\"https:\/\/twitter.com\/MVassalloA?ref_src=twsrc%5Etfw\">@MVassalloA<\/a> <a href=\"https:\/\/twitter.com\/ChuchoAcasuso?ref_src=twsrc%5Etfw\">@ChuchoAcasuso<\/a> <a href=\"https:\/\/twitter.com\/elgrancai?ref_src=twsrc%5Etfw\">@elgrancai<\/a> <a href=\"https:\/\/twitter.com\/fernandobouza?ref_src=twsrc%5Etfw\">@fernandobouza<\/a> <a href=\"https:\/\/twitter.com\/Independiente?ref_src=twsrc%5Etfw\">@Independiente<\/a> <a href=\"https:\/\/twitter.com\/xoafernandez?ref_src=twsrc%5Etfw\">@xoafernandez<\/a> <a href=\"https:\/\/twitter.com\/AgrupIndepte?ref_src=twsrc%5Etfw\">@AgrupIndepte<\/a> <a href=\"https:\/\/t.co\/KjkA9YuhxD\">pic.twitter.com\/KjkA9YuhxD<\/a><\/p>\n<p>\u2014 Prensa Tenis CAI (@PrensaTenisCAI) <a href=\"https:\/\/twitter.com\/PrensaTenisCAI\/status\/987790177232965632?ref_src=twsrc%5Etfw\">21 de abril de 2018<\/a><\/p><\/blockquote>\n<p><script async src=\"https:\/\/platform.twitter.com\/widgets.js\" charset=\"utf-8\"><\/script><br \/>\n<strong>La cancha n\u00famero 1 fue nombrada &#8220;Gast\u00f3n Gaudio&#8221;, en homenaje y reconocimiento a la trayectoria del campe\u00f3n del torneo Roland Garros en 2004<\/strong>. El vicepresidente Carlos Monta\u00f1a le regal\u00f3 la nueva camiseta retro edici\u00f3n limitada que el Rojo estrenar\u00e1 ante Defensa y Justicia.<\/p>\n<blockquote class=\"twitter-tweet\" data-lang=\"es\">\n<p dir=\"ltr\" lang=\"es\">\u00a1Grande, Gato!<\/p>\n<p>Desde hoy, la cancha n\u00famero 1 de nuestro complejo de tenis lleva el nombre de Gast\u00f3n Gaudio.<\/p>\n<p>Carlos Monta\u00f1a, Vicepresidente Segundo de <a href=\"https:\/\/twitter.com\/hashtag\/Independiente?src=hash&amp;ref_src=twsrc%5Etfw\">#Independiente<\/a>, se hizo presente en el evento realizado junto a La Legi\u00f3n &#x1f44f;<a href=\"https:\/\/twitter.com\/hashtag\/TodoRojo?src=hash&amp;ref_src=twsrc%5Etfw\">#TodoRojo<\/a> &#x1f534; <a href=\"https:\/\/t.co\/BEuXsm6APL\">pic.twitter.com\/BEuXsm6APL<\/a><\/p>\n<p>\u2014 C. A. Independiente (@Independiente) <a href=\"https:\/\/twitter.com\/Independiente\/status\/987733972066152453?ref_src=twsrc%5Etfw\">21 de abril de 2018<\/a><\/p><\/blockquote>\n<p><script async src=\"https:\/\/platform.twitter.com\/widgets.js\" charset=\"utf-8\"><\/script><\/p>\n<p>La jornada <strong>estuvo destinada a los chicos de la Isla Maciel y el Barrio Santa Rita<\/strong>, en el marco de una tarea de integraci\u00f3n junto a j\u00f3venes de la escuela de tenis del club. Adem\u00e1s de Gaudio, <strong>participaron los\u00a0extenistas Agust\u00edn Calleri, Jos\u00e9 Acasuso, Mariano Zabaleta, Franco Squillari y Mart\u00edn Vasallo Arg\u00fcello<\/strong>, m\u00e1s la Fundaci\u00f3n Mi Primer Peloteo.<\/p>\n","protected":false},"excerpt":{"rendered":"<p>En una jornada solidaria que tuvo como protagonista a Gast\u00f3n Gaudio, el club le puso su nombre a la cancha n\u00famero 1 del Complejo de Tenis. Este s\u00e1bado por la ma\u00f1ana, se llev\u00f3 a cabo un evento solidario en el predio de tenis que incluy\u00f3 una cl\u00ednica con jugadores de La Legi\u00f3n Argentina de Tenis. [&hellip;]<\/p>\n","protected":false},"author":8,"featured_media":77143,"comment_status":"open","ping_status":"closed","sticky":false,"template":"","format":"standard","meta":{"_links_to":"","_links_to_target":""},"categories":[3247,4],"tags":[3863,74],"_links":{"self":[{"href":"https:\/\/www.locoxelrojo.com\/independiente\/wp-json\/wp\/v2\/posts\/77142"}],"collection":[{"href":"https:\/\/www.locoxelrojo.com\/independiente\/wp-json\/wp\/v2\/posts"}],"about":[{"href":"https:\/\/www.locoxelrojo.com\/independiente\/wp-json\/wp\/v2\/types\/post"}],"author":[{"embeddable":true,"href":"https:\/\/www.locoxelrojo.com\/independiente\/wp-json\/wp\/v2\/users\/8"}],"replies":[{"embeddable":true,"href":"https:\/\/www.locoxelrojo.com\/independiente\/wp-json\/wp\/v2\/comments?post=77142"}],"version-history":[{"count":0,"href":"https:\/\/www.locoxelrojo.com\/independiente\/wp-json\/wp\/v2\/posts\/77142\/revisions"}],"wp:featuredmedia":[{"embeddable":true,"href":"https:\/\/www.locoxelrojo.com\/independiente\/wp-json\/wp\/v2\/media\/77143"}],"wp:attachment":[{"href":"https:\/\/www.locoxelrojo.com\/independiente\/wp-json\/wp\/v2\/media?parent=77142"}],"wp:term":[{"taxonomy":"category","embeddable":true,"href":"https:\/\/www.locoxelrojo.com\/independiente\/wp-json\/wp\/v2\/categories?post=77142"},{"taxonomy":"post_tag","embeddable":true,"href":"https:\/\/www.locoxelrojo.com\/independiente\/wp-json\/wp\/v2\/tags?post=77142"}],"curies":[{"name":"wp","href":"https:\/\/api.w.org\/{rel}","templated":true}]}}