{"id":77376,"date":"2018-05-02T22:55:50","date_gmt":"2018-05-03T01:55:50","guid":{"rendered":"http:\/\/www.locoxelrojo.com\/independiente\/?p=77376"},"modified":"2018-05-03T20:36:02","modified_gmt":"2018-05-03T23:36:02","slug":"nicolas-figal-duele-que-hablen-con-tanta-liviandad-nos-jode-a-nosotros-y-a-los-chicos","status":"publish","type":"post","link":"https:\/\/www.locoxelrojo.com\/independiente\/2018\/05\/02\/nicolas-figal-duele-que-hablen-con-tanta-liviandad-nos-jode-a-nosotros-y-a-los-chicos\/","title":{"rendered":"Figal: \u201cDuele que hablen con tanta liviandad, nos jode a nosotros y a los chicos\u201d"},"content":{"rendered":"<p><strong>Nicol\u00e1s Figal<\/strong>\u00a0sali\u00f3 en defensa de Mart\u00edn Ben\u00edtez y Ezequiel Barco y critic\u00f3 el comportamiento de los medios. Adem\u00e1s, remarc\u00f3 que Independiente puso el pecho y volvi\u00f3 a mostrar por qu\u00e9 es un equipo copero en el 2-1 frente a Corinthians en Brasil.<\/p>\n<p><strong>\u201cSab\u00edamos que enfrentar\u00edamos a un gran rival. Necesit\u00e1bamos los tres puntos y el equipo, una vez m\u00e1s, demostr\u00f3 el car\u00e1cter que tiene\u201d<\/strong>, arranc\u00f3 el defensor en conferencia de prensa. <strong>\u201cEstoy muy contento por la victoria\u201d, <\/strong>agreg\u00f3.<\/p>\n<p>Al ser consultado por la difamaci\u00f3n de Barco y Ben\u00edtez por un sector del periodismo, Figal cont\u00f3 lo molesto que se siente. <strong>\u201cMe tom\u00f3 por sorpresa todo lo que se ha hablado. A Eze lo conozco desde muy chico y a Mart\u00edn m\u00e1s a\u00fan, porque compartimos muchos a\u00f1os en la pensi\u00f3n. La verdad es que duele todo lo que se ha generado porque los chicos tienen familia. Eze es muy joven, reci\u00e9n cumpli\u00f3 19 a\u00f1os. Y que se hablen cosas as\u00ed con tanta liviandad, duele. El club sac\u00f3 un comunicado y se ir\u00e1 hasta las \u00faltimas consecuencias porque esto nos jode a nosotros y tambi\u00e9n a los chicos. Mart\u00edn es una pieza clave para nosotros y necesitamos que est\u00e9 bien\u201d<\/strong>, concluy\u00f3.<\/p>\n","protected":false},"excerpt":{"rendered":"<p>Nicol\u00e1s Figal\u00a0sali\u00f3 en defensa de Mart\u00edn Ben\u00edtez y Ezequiel Barco y critic\u00f3 el comportamiento de los medios. Adem\u00e1s, remarc\u00f3 que Independiente puso el pecho y volvi\u00f3 a mostrar por qu\u00e9 es un equipo copero en el 2-1 frente a Corinthians en Brasil. \u201cSab\u00edamos que enfrentar\u00edamos a un gran rival. Necesit\u00e1bamos los tres puntos y el [&hellip;]<\/p>\n","protected":false},"author":16,"featured_media":77378,"comment_status":"open","ping_status":"closed","sticky":false,"template":"","format":"standard","meta":{"_links_to":"","_links_to_target":""},"categories":[494,3247],"tags":[153,3499,299,2625],"_links":{"self":[{"href":"https:\/\/www.locoxelrojo.com\/independiente\/wp-json\/wp\/v2\/posts\/77376"}],"collection":[{"href":"https:\/\/www.locoxelrojo.com\/independiente\/wp-json\/wp\/v2\/posts"}],"about":[{"href":"https:\/\/www.locoxelrojo.com\/independiente\/wp-json\/wp\/v2\/types\/post"}],"author":[{"embeddable":true,"href":"https:\/\/www.locoxelrojo.com\/independiente\/wp-json\/wp\/v2\/users\/16"}],"replies":[{"embeddable":true,"href":"https:\/\/www.locoxelrojo.com\/independiente\/wp-json\/wp\/v2\/comments?post=77376"}],"version-history":[{"count":1,"href":"https:\/\/www.locoxelrojo.com\/independiente\/wp-json\/wp\/v2\/posts\/77376\/revisions"}],"predecessor-version":[{"id":77379,"href":"https:\/\/www.locoxelrojo.com\/independiente\/wp-json\/wp\/v2\/posts\/77376\/revisions\/77379"}],"wp:featuredmedia":[{"embeddable":true,"href":"https:\/\/www.locoxelrojo.com\/independiente\/wp-json\/wp\/v2\/media\/77378"}],"wp:attachment":[{"href":"https:\/\/www.locoxelrojo.com\/independiente\/wp-json\/wp\/v2\/media?parent=77376"}],"wp:term":[{"taxonomy":"category","embeddable":true,"href":"https:\/\/www.locoxelrojo.com\/independiente\/wp-json\/wp\/v2\/categories?post=77376"},{"taxonomy":"post_tag","embeddable":true,"href":"https:\/\/www.locoxelrojo.com\/independiente\/wp-json\/wp\/v2\/tags?post=77376"}],"curies":[{"name":"wp","href":"https:\/\/api.w.org\/{rel}","templated":true}]}}