{"id":77471,"date":"2018-05-08T14:34:16","date_gmt":"2018-05-08T17:34:16","guid":{"rendered":"http:\/\/www.locoxelrojo.com\/independiente\/?p=77471"},"modified":"2018-05-09T08:54:40","modified_gmt":"2018-05-09T11:54:40","slug":"holan-recupero-dos-soldados","status":"publish","type":"post","link":"https:\/\/www.locoxelrojo.com\/independiente\/2018\/05\/08\/holan-recupero-dos-soldados\/","title":{"rendered":"Recuper\u00f3 dos soldados"},"content":{"rendered":"<p><a href=\"https:\/\/www.locoxelrojo.com\/independiente\/2018\/05\/07\/libres-cai\/\">Luego de tener el lunes libre<\/a>, <strong>el plantel profesional de Independiente retom\u00f3 los entrenamientos en el predio de Villa Dominico<\/strong> para empezar a planificar lo que ser\u00e1 el \u00faltimo partido de la Superliga ante Uni\u00f3n, el pr\u00f3ximo s\u00e1bado, en Santa Fe.<\/p>\n<p><strong>Los futbolistas que jugaron ante Gimnasia realizaron trabajos f\u00edsicos en el gimnasio y el campo de juego<\/strong>. El resto del plantel fue dividido en dos grupos: defensores y volantes de recuperaci\u00f3n por un lado, y por el otro mediocampistas ofensivos y delanteros. <strong>Ellos realizaron ejercicios de defensa y ataque<\/strong>, respectivamente.<\/p>\n<blockquote class=\"twitter-video\" data-lang=\"es\">\n<p dir=\"ltr\" lang=\"es\">\u00a1La lluvia no nos detiene!<\/p>\n<p>El Rey de Copas volvi\u00f3 a los entrenamientos y retom\u00f3 la preparaci\u00f3n para los \u00faltimos tres juegos del semestre &#x1f4aa;<a href=\"https:\/\/twitter.com\/hashtag\/TodosJuntos?src=hash&amp;ref_src=twsrc%5Etfw\">#TodosJuntos<\/a> <a href=\"https:\/\/twitter.com\/hashtag\/TodoRojo?src=hash&amp;ref_src=twsrc%5Etfw\">#TodoRojo<\/a> &#x1f534; <a href=\"https:\/\/t.co\/ewMkpxIDQP\">pic.twitter.com\/ewMkpxIDQP<\/a><\/p>\n<p>\u2014 C. A. Independiente (@Independiente) <a href=\"https:\/\/twitter.com\/Independiente\/status\/993846050866782208?ref_src=twsrc%5Etfw\">8 de mayo de 2018<\/a><\/p><\/blockquote>\n<p><script async src=\"https:\/\/platform.twitter.com\/widgets.js\" charset=\"utf-8\"><\/script><\/p>\n<p>La buena noticia del d\u00eda es que <strong>Jonas Gutierrez y Fernando Amorebieta volvieron a entrenarse a la par del grupo<\/strong> tras recuperarse de sus respectivas lesiones.<\/p>\n<p><strong>El \u00fanico jugador que se entren\u00f3 de manera diferenciada fue Dami\u00e1n Albil<\/strong>, quien se recupera de una lumbalgia.<\/p>\n","protected":false},"excerpt":{"rendered":"<p>Luego de tener el lunes libre, el plantel profesional de Independiente retom\u00f3 los entrenamientos en el predio de Villa Dominico para empezar a planificar lo que ser\u00e1 el \u00faltimo partido de la Superliga ante Uni\u00f3n, el pr\u00f3ximo s\u00e1bado, en Santa Fe. Los futbolistas que jugaron ante Gimnasia realizaron trabajos f\u00edsicos en el gimnasio y el [&hellip;]<\/p>\n","protected":false},"author":101011,"featured_media":76893,"comment_status":"open","ping_status":"closed","sticky":false,"template":"","format":"standard","meta":{"_links_to":"","_links_to_target":""},"categories":[3247,3],"tags":[3300,26,3517,3503,1683],"_links":{"self":[{"href":"https:\/\/www.locoxelrojo.com\/independiente\/wp-json\/wp\/v2\/posts\/77471"}],"collection":[{"href":"https:\/\/www.locoxelrojo.com\/independiente\/wp-json\/wp\/v2\/posts"}],"about":[{"href":"https:\/\/www.locoxelrojo.com\/independiente\/wp-json\/wp\/v2\/types\/post"}],"author":[{"embeddable":true,"href":"https:\/\/www.locoxelrojo.com\/independiente\/wp-json\/wp\/v2\/users\/101011"}],"replies":[{"embeddable":true,"href":"https:\/\/www.locoxelrojo.com\/independiente\/wp-json\/wp\/v2\/comments?post=77471"}],"version-history":[{"count":0,"href":"https:\/\/www.locoxelrojo.com\/independiente\/wp-json\/wp\/v2\/posts\/77471\/revisions"}],"wp:featuredmedia":[{"embeddable":true,"href":"https:\/\/www.locoxelrojo.com\/independiente\/wp-json\/wp\/v2\/media\/76893"}],"wp:attachment":[{"href":"https:\/\/www.locoxelrojo.com\/independiente\/wp-json\/wp\/v2\/media?parent=77471"}],"wp:term":[{"taxonomy":"category","embeddable":true,"href":"https:\/\/www.locoxelrojo.com\/independiente\/wp-json\/wp\/v2\/categories?post=77471"},{"taxonomy":"post_tag","embeddable":true,"href":"https:\/\/www.locoxelrojo.com\/independiente\/wp-json\/wp\/v2\/tags?post=77471"}],"curies":[{"name":"wp","href":"https:\/\/api.w.org\/{rel}","templated":true}]}}