{"id":77477,"date":"2018-05-08T15:38:28","date_gmt":"2018-05-08T18:38:28","guid":{"rendered":"http:\/\/www.locoxelrojo.com\/independiente\/?p=77477"},"modified":"2018-05-09T12:23:16","modified_gmt":"2018-05-09T15:23:16","slug":"h-moyano-que-voy-a-renunciar-uno-no-se-va-nunca-de-independiente","status":"publish","type":"post","link":"https:\/\/www.locoxelrojo.com\/independiente\/2018\/05\/08\/h-moyano-que-voy-a-renunciar-uno-no-se-va-nunca-de-independiente\/","title":{"rendered":"H. Moyano: &#8220;\u00bfQu\u00e9 voy a renunciar? Uno no se va nunca del Rojo&#8221;"},"content":{"rendered":"<p>Hugo Moyano dej\u00f3 atr\u00e1s los rumores y en conferencia descart\u00f3 por completo su alejamiento del cargo: <strong>&#8220;\u00bfQue voy a renunciar? Uno no se va nunca del Rojo&#8221;<\/strong>.<\/p>\n<p>Este martes, en la Sede de Avellaneda, se realiz\u00f3 la tan anunciada conferencia de prensa. All\u00ed, adem\u00e1s de dar a conocer <a href=\"https:\/\/www.locoxelrojo.com\/independiente\/2018\/05\/08\/anuncios-importantes-independiente\/\">noticias importantes para la vida institucional de Independiente<\/a>, <strong>el presidente se mostr\u00f3 firme en su cargo y dej\u00f3 en claro que va a continuar al frente del club<\/strong>.<\/p>\n<p><strong>&#8220;Es un d\u00eda muy especial, tengo cosas importantes que decir, aunque algunos medios lo llevaron a un extremo alejado de la realidad. Insinuaron que yo no iba a continuar, que iba a renunciar&#8221;<\/strong>, comenz\u00f3 Moyano. <strong>&#8220;Quiero disipar cualquier tipo de duda. Yo no me voy a ir de Independiente hasta que no termine el mandato o que me lo pidan los socios&#8221;<\/strong>, agreg\u00f3.<\/p>\n<p><strong>&#8220;Tienen la garant\u00eda de que me voy a quedar. El amigo que tengo a mi derecha todav\u00eda tiene que ganar algunas copas m\u00e1s. Hasta que no pase, no me voy&#8221;<\/strong>, cerr\u00f3 en relaci\u00f3n a Ariel Holan, quien estuvo presente en el acto.<\/p>\n","protected":false},"excerpt":{"rendered":"<p>Hugo Moyano dej\u00f3 atr\u00e1s los rumores y en conferencia descart\u00f3 por completo su alejamiento del cargo: &#8220;\u00bfQue voy a renunciar? Uno no se va nunca del Rojo&#8221;. Este martes, en la Sede de Avellaneda, se realiz\u00f3 la tan anunciada conferencia de prensa. All\u00ed, adem\u00e1s de dar a conocer noticias importantes para la vida institucional de [&hellip;]<\/p>\n","protected":false},"author":1,"featured_media":77475,"comment_status":"open","ping_status":"closed","sticky":false,"template":"","format":"standard","meta":{"_links_to":"","_links_to_target":""},"categories":[3280,3247],"tags":[140],"_links":{"self":[{"href":"https:\/\/www.locoxelrojo.com\/independiente\/wp-json\/wp\/v2\/posts\/77477"}],"collection":[{"href":"https:\/\/www.locoxelrojo.com\/independiente\/wp-json\/wp\/v2\/posts"}],"about":[{"href":"https:\/\/www.locoxelrojo.com\/independiente\/wp-json\/wp\/v2\/types\/post"}],"author":[{"embeddable":true,"href":"https:\/\/www.locoxelrojo.com\/independiente\/wp-json\/wp\/v2\/users\/1"}],"replies":[{"embeddable":true,"href":"https:\/\/www.locoxelrojo.com\/independiente\/wp-json\/wp\/v2\/comments?post=77477"}],"version-history":[{"count":0,"href":"https:\/\/www.locoxelrojo.com\/independiente\/wp-json\/wp\/v2\/posts\/77477\/revisions"}],"wp:featuredmedia":[{"embeddable":true,"href":"https:\/\/www.locoxelrojo.com\/independiente\/wp-json\/wp\/v2\/media\/77475"}],"wp:attachment":[{"href":"https:\/\/www.locoxelrojo.com\/independiente\/wp-json\/wp\/v2\/media?parent=77477"}],"wp:term":[{"taxonomy":"category","embeddable":true,"href":"https:\/\/www.locoxelrojo.com\/independiente\/wp-json\/wp\/v2\/categories?post=77477"},{"taxonomy":"post_tag","embeddable":true,"href":"https:\/\/www.locoxelrojo.com\/independiente\/wp-json\/wp\/v2\/tags?post=77477"}],"curies":[{"name":"wp","href":"https:\/\/api.w.org\/{rel}","templated":true}]}}