{"id":77598,"date":"2018-05-13T15:52:20","date_gmt":"2018-05-13T18:52:20","guid":{"rendered":"http:\/\/www.locoxelrojo.com\/independiente\/?p=77598"},"modified":"2018-05-14T16:54:20","modified_gmt":"2018-05-14T19:54:20","slug":"la-reserva-independiente-cerro-con-una-derrota-union","status":"publish","type":"post","link":"https:\/\/www.locoxelrojo.com\/independiente\/2018\/05\/13\/la-reserva-independiente-cerro-con-una-derrota-union\/","title":{"rendered":"La Reserva cerr\u00f3 con una derrota"},"content":{"rendered":"<p><strong>La Reserva de Independiente perdi\u00f3 1-0 ante Uni\u00f3n en Santa Fe en la \u00faltima fecha del campeonato.<\/strong><\/p>\n<p>Los once titulares del Rojo en el Estadio 15 de Abril fueron <strong>Franco V\u00e9lez; Gonzalo As\u00eds, Sergio Barreto, Juan Di Lorenzo, Daniel Mart\u00ednez; Mat\u00edas Del Priore, Diego Mercado, Domingo Blanco; Ezequiel Denis, Mauro Molina y Gast\u00f3n Togni<\/strong>.<\/p>\n<p>El encuentro tuvo pocas emociones y se encaminaba al empate sin goles, pero en tiempo de descuento, un centro desde la derecha cay\u00f3 en el \u00e1rea de Independiente, la defensa no logr\u00f3 despejar e <strong>Imanol Machuca aprovech\u00f3 el desconcierto para estampar el 1-0 final<\/strong>.<\/p>\n<p>De esta manera, <strong>los dirigidos por Fernando Ber\u00f3n terminaron la temporada con 44 puntos<\/strong>, a ocho del l\u00edder Talleres y a siete del escolta San Lorenzo, que si gana este lunes ser\u00e1 campe\u00f3n. La campa\u00f1a del Rojo se cerr\u00f3 con <strong>12 victorias, 8 empates y 7 derrotas<\/strong>.<\/p>\n<p>Mir\u00e1 el gol del partido:<\/p>\n<p><iframe loading=\"lazy\" src=\"http:\/\/www.espn.com.ar\/core\/video\/iframe?id=4300240&amp;endcard=false\" width=\"640\" height=\"360\" frameborder=\"0\" allowfullscreen=\"allowfullscreen\"><\/iframe><\/p>\n","protected":false},"excerpt":{"rendered":"<p>La Reserva de Independiente perdi\u00f3 1-0 ante Uni\u00f3n en Santa Fe en la \u00faltima fecha del campeonato. Los once titulares del Rojo en el Estadio 15 de Abril fueron Franco V\u00e9lez; Gonzalo As\u00eds, Sergio Barreto, Juan Di Lorenzo, Daniel Mart\u00ednez; Mat\u00edas Del Priore, Diego Mercado, Domingo Blanco; Ezequiel Denis, Mauro Molina y Gast\u00f3n Togni. El [&hellip;]<\/p>\n","protected":false},"author":8,"featured_media":77599,"comment_status":"open","ping_status":"closed","sticky":false,"template":"","format":"standard","meta":{"_links_to":"","_links_to_target":""},"categories":[3247,141],"tags":[2862,3883,231,2642],"_links":{"self":[{"href":"https:\/\/www.locoxelrojo.com\/independiente\/wp-json\/wp\/v2\/posts\/77598"}],"collection":[{"href":"https:\/\/www.locoxelrojo.com\/independiente\/wp-json\/wp\/v2\/posts"}],"about":[{"href":"https:\/\/www.locoxelrojo.com\/independiente\/wp-json\/wp\/v2\/types\/post"}],"author":[{"embeddable":true,"href":"https:\/\/www.locoxelrojo.com\/independiente\/wp-json\/wp\/v2\/users\/8"}],"replies":[{"embeddable":true,"href":"https:\/\/www.locoxelrojo.com\/independiente\/wp-json\/wp\/v2\/comments?post=77598"}],"version-history":[{"count":0,"href":"https:\/\/www.locoxelrojo.com\/independiente\/wp-json\/wp\/v2\/posts\/77598\/revisions"}],"wp:featuredmedia":[{"embeddable":true,"href":"https:\/\/www.locoxelrojo.com\/independiente\/wp-json\/wp\/v2\/media\/77599"}],"wp:attachment":[{"href":"https:\/\/www.locoxelrojo.com\/independiente\/wp-json\/wp\/v2\/media?parent=77598"}],"wp:term":[{"taxonomy":"category","embeddable":true,"href":"https:\/\/www.locoxelrojo.com\/independiente\/wp-json\/wp\/v2\/categories?post=77598"},{"taxonomy":"post_tag","embeddable":true,"href":"https:\/\/www.locoxelrojo.com\/independiente\/wp-json\/wp\/v2\/tags?post=77598"}],"curies":[{"name":"wp","href":"https:\/\/api.w.org\/{rel}","templated":true}]}}