{"id":77622,"date":"2018-05-15T13:51:55","date_gmt":"2018-05-15T16:51:55","guid":{"rendered":"http:\/\/www.locoxelrojo.com\/independiente\/?p=77622"},"modified":"2018-05-16T03:01:27","modified_gmt":"2018-05-16T06:01:27","slug":"independiente-dura-lesion-de-leandro-fernandez","status":"publish","type":"post","link":"https:\/\/www.locoxelrojo.com\/independiente\/2018\/05\/15\/independiente-dura-lesion-de-leandro-fernandez\/","title":{"rendered":"Dura lesi\u00f3n de Leandro Fern\u00e1ndez"},"content":{"rendered":"<p><strong>Leandro Fern\u00e1ndez sufri\u00f3 una grave lesi\u00f3n que lo tendr\u00e1 alejado de las canchas por varios meses y la noticia encendi\u00f3 las alarmas en el mundo Independiente.<\/strong><\/p>\n<p>Desde la cuenta oficial del club oficializaron que <strong>el jugador tuvo un esguince rotatorio en su rodilla izquierda lo que produjo la rotura del ligamento cruzado anterior<\/strong>. En las pr\u00f3ximas horas se har\u00e1n estudios por im\u00e1genes para saber determinar los pasos a seguir, pero es un hecho que <strong>Fern\u00e1ndez estar\u00e1 alejado de las canchas entre 6 y 8 meses<\/strong>.<\/p>\n<blockquote class=\"twitter-tweet\" data-lang=\"es\">\n<p dir=\"ltr\" lang=\"es\">Lamentamos informar que Leandro Fern\u00e1ndez sufri\u00f3 un esguince rotatorio en su rodilla izquierda. El diagn\u00f3stico cl\u00ednico arroj\u00f3 la rotura del ligamento cruzado anterior. Se har\u00e1n los estudios correspondientes para corroborar el diagn\u00f3stico.<\/p>\n<p>Todo el Rojo est\u00e1 con vos \u00a1<a href=\"https:\/\/twitter.com\/hashtag\/FuerzaLean?src=hash&amp;ref_src=twsrc%5Etfw\">#FuerzaLean<\/a>! <a href=\"https:\/\/t.co\/8g1SXTfRBr\">pic.twitter.com\/8g1SXTfRBr<\/a><\/p>\n<p>\u2014 C. A. Independiente (@Independiente) <a href=\"https:\/\/twitter.com\/Independiente\/status\/996413790169288705?ref_src=twsrc%5Etfw\">15 de mayo de 2018<\/a><\/p><\/blockquote>\n<p><script async src=\"https:\/\/platform.twitter.com\/widgets.js\" charset=\"utf-8\"><\/script><\/p>\n<p><strong>Cabe recordar que el 8 de marzo de 2015 el delantero hab\u00eda sufrido la misma lesi\u00f3n en la primera fecha frente a Belgrano de C\u00f3rdoba<\/strong>, pero en ese caso se vio afectada su pierna derecha y tuvo 8 meses de recuperaci\u00f3n.<\/p>\n","protected":false},"excerpt":{"rendered":"<p>Leandro Fern\u00e1ndez sufri\u00f3 una grave lesi\u00f3n que lo tendr\u00e1 alejado de las canchas por varios meses y la noticia encendi\u00f3 las alarmas en el mundo Independiente. Desde la cuenta oficial del club oficializaron que el jugador tuvo un esguince rotatorio en su rodilla izquierda lo que produjo la rotura del ligamento cruzado anterior. En las [&hellip;]<\/p>\n","protected":false},"author":25,"featured_media":77037,"comment_status":"open","ping_status":"closed","sticky":false,"template":"","format":"standard","meta":{"_links_to":"","_links_to_target":""},"categories":[3247,3],"tags":[2921],"_links":{"self":[{"href":"https:\/\/www.locoxelrojo.com\/independiente\/wp-json\/wp\/v2\/posts\/77622"}],"collection":[{"href":"https:\/\/www.locoxelrojo.com\/independiente\/wp-json\/wp\/v2\/posts"}],"about":[{"href":"https:\/\/www.locoxelrojo.com\/independiente\/wp-json\/wp\/v2\/types\/post"}],"author":[{"embeddable":true,"href":"https:\/\/www.locoxelrojo.com\/independiente\/wp-json\/wp\/v2\/users\/25"}],"replies":[{"embeddable":true,"href":"https:\/\/www.locoxelrojo.com\/independiente\/wp-json\/wp\/v2\/comments?post=77622"}],"version-history":[{"count":0,"href":"https:\/\/www.locoxelrojo.com\/independiente\/wp-json\/wp\/v2\/posts\/77622\/revisions"}],"wp:featuredmedia":[{"embeddable":true,"href":"https:\/\/www.locoxelrojo.com\/independiente\/wp-json\/wp\/v2\/media\/77037"}],"wp:attachment":[{"href":"https:\/\/www.locoxelrojo.com\/independiente\/wp-json\/wp\/v2\/media?parent=77622"}],"wp:term":[{"taxonomy":"category","embeddable":true,"href":"https:\/\/www.locoxelrojo.com\/independiente\/wp-json\/wp\/v2\/categories?post=77622"},{"taxonomy":"post_tag","embeddable":true,"href":"https:\/\/www.locoxelrojo.com\/independiente\/wp-json\/wp\/v2\/tags?post=77622"}],"curies":[{"name":"wp","href":"https:\/\/api.w.org\/{rel}","templated":true}]}}