{"id":77705,"date":"2018-05-19T20:24:20","date_gmt":"2018-05-19T23:24:20","guid":{"rendered":"http:\/\/www.locoxelrojo.com\/independiente\/?p=77705"},"modified":"2018-05-20T03:23:14","modified_gmt":"2018-05-20T06:23:14","slug":"sabado-irregular-inferiores-independiente-ante-el-decano","status":"publish","type":"post","link":"https:\/\/www.locoxelrojo.com\/independiente\/2018\/05\/19\/sabado-irregular-inferiores-independiente-ante-el-decano\/","title":{"rendered":"S\u00e1bado irregular ante el Decano"},"content":{"rendered":"<p><strong>Las Divisiones Inferiores de Independiente enfrentaron a Atl\u00e9tico Tucum\u00e1n por la 10\u00ba fecha del campeonato. Los menores fueron locales en Villa Dom\u00ednico y mayores viajaron al Norte del pa\u00eds.<\/strong><\/p>\n<p>Tras ponerse al d\u00eda <a href=\"https:\/\/www.locoxelrojo.com\/independiente\/2018\/05\/16\/los-juveniles-a-mano-en-el-clasico-independiente-racing\/\">el mi\u00e9rcoles con el Cl\u00e1sico de Avellaneda<\/a>, los pibes volvieron a tener acci\u00f3n este s\u00e1bado ante el Decano. Una jornada irregular para el Rojo, pero con algunos puntos sobresalientes: <strong>la S\u00e9ptima volvi\u00f3 a ganar y mantiene el liderazgo del torneo con puntaje perfecto (gan\u00f3 9 partidos de 9)<\/strong>, mientras que la Quinta se luci\u00f3 con una goleada 3-0 en Tucum\u00e1n.<\/p>\n<p>El saldo de esta fecha fue de <strong>7 puntos de 18<\/strong>, producto de <strong>2 victorias<\/strong> (Quinta y S\u00e9ptima), <strong>1 empate<\/strong> (Novena) <strong>y 3 derrotas<\/strong> (Octava, Cuarta y Sexta).<\/p>\n<h3>Todos los resultados y goleadores ante Atl\u00e9tico Tucum\u00e1n<\/h3>\n<p><strong>Cuarta Divisi\u00f3n<\/strong><br \/>\nAtl\u00e9tico Tucum\u00e1n 2 &#8211; 1 Independiente (Diego Ch\u00e1vez)<\/p>\n<p><strong>Quinta Divisi\u00f3n<\/strong><br \/>\nAtl\u00e9tico Tucum\u00e1n 0 &#8211; 3 Independiente (Luciano Villalba, Javier Ostachuk y Gianfranco Serna)<\/p>\n<p><strong>Sexta Divisi\u00f3n<\/strong><br \/>\nAtl\u00e9tico Tucum\u00e1n 4 &#8211; 1 Independiente (Ignacio Medina)<\/p>\n<p><strong>S\u00e9ptima Divisi\u00f3n<\/strong><br \/>\nIndependiente 2 &#8211; 1 Atl\u00e9tico Tucum\u00e1n (Joel Gonz\u00e1lez y Pablo Gonz\u00e1lez)<\/p>\n<p><strong>Octava Divisi\u00f3n<\/strong><br \/>\nIndependiente 0 &#8211; 1 Atl\u00e9tico Tucum\u00e1n<\/p>\n<p><strong>Novena Divisi\u00f3n<\/strong><br \/>\nIndependiente 1 &#8211; 1 Atl\u00e9tico Tucum\u00e1n (Nicol\u00e1s Casta\u00f1o)<\/p>\n","protected":false},"excerpt":{"rendered":"<p>Las Divisiones Inferiores de Independiente enfrentaron a Atl\u00e9tico Tucum\u00e1n por la 10\u00ba fecha del campeonato. Los menores fueron locales en Villa Dom\u00ednico y mayores viajaron al Norte del pa\u00eds. Tras ponerse al d\u00eda el mi\u00e9rcoles con el Cl\u00e1sico de Avellaneda, los pibes volvieron a tener acci\u00f3n este s\u00e1bado ante el Decano. Una jornada irregular para [&hellip;]<\/p>\n","protected":false},"author":8,"featured_media":77706,"comment_status":"open","ping_status":"closed","sticky":false,"template":"","format":"standard","meta":{"_links_to":"","_links_to_target":""},"categories":[3247,5],"tags":[297,3631],"_links":{"self":[{"href":"https:\/\/www.locoxelrojo.com\/independiente\/wp-json\/wp\/v2\/posts\/77705"}],"collection":[{"href":"https:\/\/www.locoxelrojo.com\/independiente\/wp-json\/wp\/v2\/posts"}],"about":[{"href":"https:\/\/www.locoxelrojo.com\/independiente\/wp-json\/wp\/v2\/types\/post"}],"author":[{"embeddable":true,"href":"https:\/\/www.locoxelrojo.com\/independiente\/wp-json\/wp\/v2\/users\/8"}],"replies":[{"embeddable":true,"href":"https:\/\/www.locoxelrojo.com\/independiente\/wp-json\/wp\/v2\/comments?post=77705"}],"version-history":[{"count":0,"href":"https:\/\/www.locoxelrojo.com\/independiente\/wp-json\/wp\/v2\/posts\/77705\/revisions"}],"wp:featuredmedia":[{"embeddable":true,"href":"https:\/\/www.locoxelrojo.com\/independiente\/wp-json\/wp\/v2\/media\/77706"}],"wp:attachment":[{"href":"https:\/\/www.locoxelrojo.com\/independiente\/wp-json\/wp\/v2\/media?parent=77705"}],"wp:term":[{"taxonomy":"category","embeddable":true,"href":"https:\/\/www.locoxelrojo.com\/independiente\/wp-json\/wp\/v2\/categories?post=77705"},{"taxonomy":"post_tag","embeddable":true,"href":"https:\/\/www.locoxelrojo.com\/independiente\/wp-json\/wp\/v2\/tags?post=77705"}],"curies":[{"name":"wp","href":"https:\/\/api.w.org\/{rel}","templated":true}]}}