{"id":77759,"date":"2018-05-23T16:23:12","date_gmt":"2018-05-23T19:23:12","guid":{"rendered":"http:\/\/www.locoxelrojo.com\/independiente\/?p=77759"},"modified":"2018-05-23T22:53:46","modified_gmt":"2018-05-24T01:53:46","slug":"concentrados-vs-deportivo-lara-mete-solo-un-cambio-holan","status":"publish","type":"post","link":"https:\/\/www.locoxelrojo.com\/independiente\/2018\/05\/23\/concentrados-vs-deportivo-lara-mete-solo-un-cambio-holan\/","title":{"rendered":"Concentrados vs. Deportivo Lara: mete solo un cambio"},"content":{"rendered":"<p><strong>Ariel Holan dio a conocer la n\u00f3mina de 19 jugadores que estar\u00e1n citados para enfrentar a Deportivo Lara<\/strong> en busca del pase a octavos de la CONMEBOL Libertadores.<\/p>\n<p>En relaci\u00f3n a la lista del \u00faltimo partido frente a Millonarios <strong>se destaca la presencia de Maximiliano Meza<\/strong>, quien ya cumpli\u00f3 la fecha de suspensi\u00f3n y estar\u00e1 a disposici\u00f3n del entrenador.<\/p>\n<p><strong>Y el que no estar\u00e1 este jueves ser\u00e1 Fernando Amorebieta<\/strong>. El defensor no se recuper\u00f3 del esguince en su hombro izquierdo que sufri\u00f3 en el encuentro de la semana pasada frente a Millonarios.<\/p>\n<p><strong>Los 19 citados para enfrentar al conjunto venezolano son:<\/strong><\/p>\n<p><strong>Arqueros:<\/strong> Dami\u00e1n Albil, Mart\u00edn Campa\u00f1a.<\/p>\n<p><strong>Defensores:<\/strong> Alan Franco, Nicol\u00e1s Figal, Fabricio Bustos, Juan Manuel S\u00e1nchez Mi\u00f1o, Gast\u00f3n Silva, Emanuel Br\u00edtez.<\/p>\n<p><strong>Mediocampistas:<\/strong> Nicol\u00e1s Domingo, Fernando Gaibor, Maximiliano Meza, Diego Rodr\u00edguez.<\/p>\n<p><strong>Delanteros:<\/strong> Emmanuel Gigliotti, Mart\u00edn Ben\u00edtez, Silvio Romero, Braian Romero, Gonzalo Ver\u00f3n, Juan Manuel Mart\u00ednez y Jonathan Men\u00e9ndez.<\/p>\n","protected":false},"excerpt":{"rendered":"<p>Ariel Holan dio a conocer la n\u00f3mina de 19 jugadores que estar\u00e1n citados para enfrentar a Deportivo Lara en busca del pase a octavos de la CONMEBOL Libertadores. En relaci\u00f3n a la lista del \u00faltimo partido frente a Millonarios se destaca la presencia de Maximiliano Meza, quien ya cumpli\u00f3 la fecha de suspensi\u00f3n y estar\u00e1 [&hellip;]<\/p>\n","protected":false},"author":24,"featured_media":76962,"comment_status":"open","ping_status":"closed","sticky":false,"template":"","format":"standard","meta":{"_links_to":"","_links_to_target":""},"categories":[3247,3],"tags":[153,2024,3499,3719,3517,3303],"_links":{"self":[{"href":"https:\/\/www.locoxelrojo.com\/independiente\/wp-json\/wp\/v2\/posts\/77759"}],"collection":[{"href":"https:\/\/www.locoxelrojo.com\/independiente\/wp-json\/wp\/v2\/posts"}],"about":[{"href":"https:\/\/www.locoxelrojo.com\/independiente\/wp-json\/wp\/v2\/types\/post"}],"author":[{"embeddable":true,"href":"https:\/\/www.locoxelrojo.com\/independiente\/wp-json\/wp\/v2\/users\/24"}],"replies":[{"embeddable":true,"href":"https:\/\/www.locoxelrojo.com\/independiente\/wp-json\/wp\/v2\/comments?post=77759"}],"version-history":[{"count":0,"href":"https:\/\/www.locoxelrojo.com\/independiente\/wp-json\/wp\/v2\/posts\/77759\/revisions"}],"wp:featuredmedia":[{"embeddable":true,"href":"https:\/\/www.locoxelrojo.com\/independiente\/wp-json\/wp\/v2\/media\/76962"}],"wp:attachment":[{"href":"https:\/\/www.locoxelrojo.com\/independiente\/wp-json\/wp\/v2\/media?parent=77759"}],"wp:term":[{"taxonomy":"category","embeddable":true,"href":"https:\/\/www.locoxelrojo.com\/independiente\/wp-json\/wp\/v2\/categories?post=77759"},{"taxonomy":"post_tag","embeddable":true,"href":"https:\/\/www.locoxelrojo.com\/independiente\/wp-json\/wp\/v2\/tags?post=77759"}],"curies":[{"name":"wp","href":"https:\/\/api.w.org\/{rel}","templated":true}]}}