{"id":77772,"date":"2018-05-25T15:32:38","date_gmt":"2018-05-25T18:32:38","guid":{"rendered":"http:\/\/www.locoxelrojo.com\/independiente\/?p=77772"},"modified":"2018-05-26T07:57:29","modified_gmt":"2018-05-26T10:57:29","slug":"como-nos-fue-con-las-camisetas-especiales-independiente","status":"publish","type":"post","link":"https:\/\/www.locoxelrojo.com\/independiente\/2018\/05\/25\/como-nos-fue-con-las-camisetas-especiales-independiente\/","title":{"rendered":"\u00bfC\u00f3mo nos fue con las camisetas especiales?"},"content":{"rendered":"<p>Con el estreno de la remera que utiliz\u00f3 Independiente anoche ante Deportivo Lara, <strong>repasaremos c\u00f3mo le fue al Rojo cuando us\u00f3 alg\u00fan modelo particular para un encuentro desde el arribo de Puma a Avellaneda en 2009<\/strong>.<\/p>\n<h3>Las gestas hist\u00f3ricas frente a V\u00e9lez en 2009<\/h3>\n<p><a href=\"https:\/\/www.locoxelrojo.com\/independiente\/wp-content\/uploads\/2018\/05\/zapata-montenegro-2009.jpg\"><img loading=\"lazy\" class=\"aligncenter size-full wp-image-77773\" src=\"https:\/\/www.locoxelrojo.com\/independiente\/wp-content\/uploads\/2018\/05\/zapata-montenegro-2009.jpg\" alt=\"\" width=\"741\" height=\"486\" srcset=\"https:\/\/locoxelrojo.com\/independiente\/wp-content\/uploads\/2018\/05\/zapata-montenegro-2009.jpg 741w, https:\/\/locoxelrojo.com\/independiente\/wp-content\/uploads\/2018\/05\/zapata-montenegro-2009-300x197.jpg 300w, https:\/\/locoxelrojo.com\/independiente\/wp-content\/uploads\/2018\/05\/zapata-montenegro-2009-696x456.jpg 696w, https:\/\/locoxelrojo.com\/independiente\/wp-content\/uploads\/2018\/05\/zapata-montenegro-2009-640x420.jpg 640w, https:\/\/locoxelrojo.com\/independiente\/wp-content\/uploads\/2018\/05\/zapata-montenegro-2009-128x84.jpg 128w, https:\/\/locoxelrojo.com\/independiente\/wp-content\/uploads\/2018\/05\/zapata-montenegro-2009-32x21.jpg 32w\" sizes=\"(max-width: 741px) 100vw, 741px\" \/><\/a><\/p>\n<p><strong>La primera camiseta a la que haremos menci\u00f3n es la que se us\u00f3 en la primera fecha del Clausura 2009 contra el Fort\u00edn en cancha de Hurac\u00e1n, partido que finaliz\u00f3 0-0<\/strong>. Fue el debut oficial de la marca alemana con el Rey de Copas.<\/p>\n<p>\u00bfEl motivo? <strong>Por una iniciativa de la empresa se puso a disposici\u00f3n un sitio web donde los hinchas votaron los 18 hechos m\u00e1s importantes del club<\/strong>, entre los que se destacaban el tetracampeonato de la Libertadores, el triunfo a Racing en 1983 y el Nacional 1977.<\/p>\n<h3>Las glorias, ante San Mart\u00edn de Tucum\u00e1n en 2009<\/h3>\n<p><a href=\"https:\/\/www.locoxelrojo.com\/independiente\/wp-content\/uploads\/2018\/05\/fredes-nu\u00f1ez-2009.jpg\"><img loading=\"lazy\" class=\"aligncenter size-full wp-image-77774\" src=\"https:\/\/www.locoxelrojo.com\/independiente\/wp-content\/uploads\/2018\/05\/fredes-nu\u00f1ez-2009.jpg\" alt=\"\" width=\"741\" height=\"486\" srcset=\"https:\/\/locoxelrojo.com\/independiente\/wp-content\/uploads\/2018\/05\/fredes-nu\u00f1ez-2009.jpg 741w, https:\/\/locoxelrojo.com\/independiente\/wp-content\/uploads\/2018\/05\/fredes-nu\u00f1ez-2009-300x197.jpg 300w, https:\/\/locoxelrojo.com\/independiente\/wp-content\/uploads\/2018\/05\/fredes-nu\u00f1ez-2009-696x456.jpg 696w, https:\/\/locoxelrojo.com\/independiente\/wp-content\/uploads\/2018\/05\/fredes-nu\u00f1ez-2009-640x420.jpg 640w, https:\/\/locoxelrojo.com\/independiente\/wp-content\/uploads\/2018\/05\/fredes-nu\u00f1ez-2009-128x84.jpg 128w, https:\/\/locoxelrojo.com\/independiente\/wp-content\/uploads\/2018\/05\/fredes-nu\u00f1ez-2009-32x21.jpg 32w\" sizes=\"(max-width: 741px) 100vw, 741px\" \/><\/a><\/p>\n<p><strong>La segunda fecha de ese mismo torneo Clausura 2009 se le rindi\u00f3 un homenaje a las glorias de la instituci\u00f3n<\/strong>. Los apellidos de los jugadores consagrados aparecieron en el pecho de cada uno de los jugadores. Entre ellos figuraron <strong>Miguel \u00c1ngel Santoro, Ricardo Bochini y Jos\u00e9 Pastoriza<\/strong>.<\/p>\n<p>El resultado no fue ni por asomo un tributo a los jugadores que supieron dejar al Rojo siempre en lo m\u00e1s alto: <strong>derrota 3-0 en la Ciudadela ante el Ciruja<\/strong>.<\/p>\n<h3>Los hinchas presentes contra Col\u00f3n en 2009<\/h3>\n<p><a href=\"https:\/\/www.locoxelrojo.com\/independiente\/wp-content\/uploads\/2018\/05\/independiente-colon-2009.jpg\"><img loading=\"lazy\" class=\"aligncenter size-full wp-image-77775\" src=\"https:\/\/www.locoxelrojo.com\/independiente\/wp-content\/uploads\/2018\/05\/independiente-colon-2009.jpg\" alt=\"\" width=\"1000\" height=\"637\" srcset=\"https:\/\/locoxelrojo.com\/independiente\/wp-content\/uploads\/2018\/05\/independiente-colon-2009.jpg 1000w, https:\/\/locoxelrojo.com\/independiente\/wp-content\/uploads\/2018\/05\/independiente-colon-2009-300x191.jpg 300w, https:\/\/locoxelrojo.com\/independiente\/wp-content\/uploads\/2018\/05\/independiente-colon-2009-768x489.jpg 768w, https:\/\/locoxelrojo.com\/independiente\/wp-content\/uploads\/2018\/05\/independiente-colon-2009-696x443.jpg 696w, https:\/\/locoxelrojo.com\/independiente\/wp-content\/uploads\/2018\/05\/independiente-colon-2009-659x420.jpg 659w, https:\/\/locoxelrojo.com\/independiente\/wp-content\/uploads\/2018\/05\/independiente-colon-2009-128x82.jpg 128w, https:\/\/locoxelrojo.com\/independiente\/wp-content\/uploads\/2018\/05\/independiente-colon-2009-32x20.jpg 32w\" sizes=\"(max-width: 1000px) 100vw, 1000px\" \/><\/a><\/p>\n<p>Cuando el Estadio Libertadores de Am\u00e9rica volvi\u00f3 a tener actividad oficial despu\u00e9s de casi tres a\u00f1os, <strong>el Rojo utiliz\u00f3 una remera que ten\u00eda en su pecho las fotos de algunos hinchas<\/strong>, quienes debieron pagar para tener su lugar all\u00ed.<\/p>\n<p><strong>El equipo que por aquel entonces era dirigido por Am\u00e9rico Gallego derrot\u00f3 al Sabalero 3-2<\/strong>, en el encuentro correspondiente a la fecha 11 del Apertura 2009.<\/p>\n<h3>La de la Suruga Bank en 2011<\/h3>\n<p><a href=\"https:\/\/www.locoxelrojo.com\/independiente\/wp-content\/uploads\/2018\/05\/facundo-parra-jubilo-iwata-2011.jpg\"><img loading=\"lazy\" class=\"aligncenter size-full wp-image-77776\" src=\"https:\/\/www.locoxelrojo.com\/independiente\/wp-content\/uploads\/2018\/05\/facundo-parra-jubilo-iwata-2011.jpg\" alt=\"\" width=\"741\" height=\"486\" srcset=\"https:\/\/locoxelrojo.com\/independiente\/wp-content\/uploads\/2018\/05\/facundo-parra-jubilo-iwata-2011.jpg 741w, https:\/\/locoxelrojo.com\/independiente\/wp-content\/uploads\/2018\/05\/facundo-parra-jubilo-iwata-2011-300x197.jpg 300w, https:\/\/locoxelrojo.com\/independiente\/wp-content\/uploads\/2018\/05\/facundo-parra-jubilo-iwata-2011-696x456.jpg 696w, https:\/\/locoxelrojo.com\/independiente\/wp-content\/uploads\/2018\/05\/facundo-parra-jubilo-iwata-2011-640x420.jpg 640w, https:\/\/locoxelrojo.com\/independiente\/wp-content\/uploads\/2018\/05\/facundo-parra-jubilo-iwata-2011-128x84.jpg 128w, https:\/\/locoxelrojo.com\/independiente\/wp-content\/uploads\/2018\/05\/facundo-parra-jubilo-iwata-2011-32x21.jpg 32w\" sizes=\"(max-width: 741px) 100vw, 741px\" \/><\/a><\/p>\n<p>Cuando Independiente disput\u00f3 la Copa Suruga Bank utiliz\u00f3 un dise\u00f1o particular: <strong>el sponsor, el logo de la marca y los n\u00fameros eran dorados, se le agreg\u00f3 la bandera argentina en el pecho, una corona por encima del escudo y los nombres de los jugadores estaban en japon\u00e9s<\/strong>.<\/p>\n<p>\u00bfEl resultado? <strong>Empate 2-2 que defini\u00f3 el trofeo desde lo doce pasos<\/strong>. All\u00ed se impuso el J\u00fabilo Iwata 4-2.<\/p>\n<h3>Los bastones, en el peor debut de la historia<\/h3>\n<p><a href=\"https:\/\/www.locoxelrojo.com\/independiente\/wp-content\/uploads\/2018\/05\/motoneta-penco-brown.jpg\"><img loading=\"lazy\" class=\"aligncenter size-full wp-image-77777\" src=\"https:\/\/www.locoxelrojo.com\/independiente\/wp-content\/uploads\/2018\/05\/motoneta-penco-brown.jpg\" alt=\"\" width=\"741\" height=\"486\" srcset=\"https:\/\/locoxelrojo.com\/independiente\/wp-content\/uploads\/2018\/05\/motoneta-penco-brown.jpg 741w, https:\/\/locoxelrojo.com\/independiente\/wp-content\/uploads\/2018\/05\/motoneta-penco-brown-300x197.jpg 300w, https:\/\/locoxelrojo.com\/independiente\/wp-content\/uploads\/2018\/05\/motoneta-penco-brown-696x456.jpg 696w, https:\/\/locoxelrojo.com\/independiente\/wp-content\/uploads\/2018\/05\/motoneta-penco-brown-640x420.jpg 640w, https:\/\/locoxelrojo.com\/independiente\/wp-content\/uploads\/2018\/05\/motoneta-penco-brown-128x84.jpg 128w, https:\/\/locoxelrojo.com\/independiente\/wp-content\/uploads\/2018\/05\/motoneta-penco-brown-32x21.jpg 32w\" sizes=\"(max-width: 741px) 100vw, 741px\" \/><\/a><\/p>\n<p>El primer partido que jug\u00f3 Independiente en la segunda categor\u00eda del f\u00fatbol argentino lo hizo con <strong>una remera a bastones en conmemoraci\u00f3n a un similar modelo que se utiliz\u00f3 entre 1927 y 1957<\/strong>. Adem\u00e1s, y despu\u00e9s de mucho tiempo, reaparecieron los cordones.<\/p>\n<p>Aquella tarde del s\u00e1bado 3 de agosto,<strong> el Rojo perdi\u00f3 2-1 ante Brown de Adrogu\u00e9<\/strong> en el partido correspondiente a la primera fecha del Torneo de la B Nacional 2013\/2014.<\/p>\n<h3>La amarilla, en el verano de 2014<\/h3>\n<p><a href=\"https:\/\/www.locoxelrojo.com\/independiente\/wp-content\/uploads\/2018\/05\/independiente-newells-2014.jpg\"><img loading=\"lazy\" class=\"aligncenter size-full wp-image-77778\" src=\"https:\/\/www.locoxelrojo.com\/independiente\/wp-content\/uploads\/2018\/05\/independiente-newells-2014.jpg\" alt=\"\" width=\"741\" height=\"486\" srcset=\"https:\/\/locoxelrojo.com\/independiente\/wp-content\/uploads\/2018\/05\/independiente-newells-2014.jpg 741w, https:\/\/locoxelrojo.com\/independiente\/wp-content\/uploads\/2018\/05\/independiente-newells-2014-300x197.jpg 300w, https:\/\/locoxelrojo.com\/independiente\/wp-content\/uploads\/2018\/05\/independiente-newells-2014-696x456.jpg 696w, https:\/\/locoxelrojo.com\/independiente\/wp-content\/uploads\/2018\/05\/independiente-newells-2014-640x420.jpg 640w, https:\/\/locoxelrojo.com\/independiente\/wp-content\/uploads\/2018\/05\/independiente-newells-2014-128x84.jpg 128w, https:\/\/locoxelrojo.com\/independiente\/wp-content\/uploads\/2018\/05\/independiente-newells-2014-32x21.jpg 32w\" sizes=\"(max-width: 741px) 100vw, 741px\" \/><\/a><\/p>\n<p>Si bien se especul\u00f3 con la posibilidad de utilizarla en un torneo oficial, esta edici\u00f3n limitada fue la que m\u00e1s cr\u00edticas recibi\u00f3. Quiz\u00e1s por eso <strong>se us\u00f3 solamente en un p\u00e1lido 0-0 frente a Newell&#8217;s, en el Torneo de Verano 2014<\/strong>.<\/p>\n<p><strong>La camiseta en cuesti\u00f3n se hizo en conmemoraci\u00f3n a la que se utiliz\u00f3 el Rey de Copas en algunas ocasiones durante 1975<\/strong>. Primero fue durante una gira por el Lejano Oriente, luego en espor\u00e1dicos encuentros en el Metropolitano de aqu\u00e9l a\u00f1o y hasta se utiliz\u00f3 en la primera final de la Copa Libertadores ante Uni\u00f3n Espa\u00f1ola (0-1 en Santiago).<\/p>\n<h3>Los cordones ante River en 2015<\/h3>\n<p><a href=\"https:\/\/www.locoxelrojo.com\/independiente\/wp-content\/uploads\/2018\/05\/mendez-river.jpeg\"><img loading=\"lazy\" class=\"aligncenter wp-image-77813\" src=\"https:\/\/www.locoxelrojo.com\/independiente\/wp-content\/uploads\/2018\/05\/mendez-river.jpeg\" alt=\"\" width=\"674\" height=\"393\" srcset=\"https:\/\/locoxelrojo.com\/independiente\/wp-content\/uploads\/2018\/05\/mendez-river.jpeg 609w, https:\/\/locoxelrojo.com\/independiente\/wp-content\/uploads\/2018\/05\/mendez-river-300x175.jpeg 300w, https:\/\/locoxelrojo.com\/independiente\/wp-content\/uploads\/2018\/05\/mendez-river-128x75.jpeg 128w, https:\/\/locoxelrojo.com\/independiente\/wp-content\/uploads\/2018\/05\/mendez-river-32x19.jpeg 32w\" sizes=\"(max-width: 674px) 100vw, 674px\" \/><\/a><\/p>\n<p>Con el prop\u00f3sito de emular a una de las camisetas m\u00e1s lindas que tuvo el Rey, la de la temporada 1994\/1995, <strong>la marca alemana le agreg\u00f3 los cordones al dise\u00f1o que ven\u00eda utilizando el Rojo a lo largo del campeonato<\/strong>.<\/p>\n<p><strong>Otro detalle fueron los pantalones blancos que se usaron en aquella victoria 3-0 ante River<\/strong> recordando, tambi\u00e9n, a la final del Nacional 1978 que consagr\u00f3 campe\u00f3n a Independiente.<\/p>\n<h3>La blanca ante V\u00e9lez en 2017<\/h3>\n<p><a href=\"https:\/\/www.locoxelrojo.com\/independiente\/wp-content\/uploads\/2018\/05\/independiente-velez-camiseta-blanca-lda.jpg\"><img loading=\"lazy\" class=\"aligncenter size-full wp-image-77814\" src=\"https:\/\/www.locoxelrojo.com\/independiente\/wp-content\/uploads\/2018\/05\/independiente-velez-camiseta-blanca-lda.jpg\" alt=\"\" width=\"2048\" height=\"1306\" srcset=\"https:\/\/locoxelrojo.com\/independiente\/wp-content\/uploads\/2018\/05\/independiente-velez-camiseta-blanca-lda.jpg 2048w, https:\/\/locoxelrojo.com\/independiente\/wp-content\/uploads\/2018\/05\/independiente-velez-camiseta-blanca-lda-300x191.jpg 300w, https:\/\/locoxelrojo.com\/independiente\/wp-content\/uploads\/2018\/05\/independiente-velez-camiseta-blanca-lda-768x490.jpg 768w, https:\/\/locoxelrojo.com\/independiente\/wp-content\/uploads\/2018\/05\/independiente-velez-camiseta-blanca-lda-1024x653.jpg 1024w, https:\/\/locoxelrojo.com\/independiente\/wp-content\/uploads\/2018\/05\/independiente-velez-camiseta-blanca-lda-696x444.jpg 696w, https:\/\/locoxelrojo.com\/independiente\/wp-content\/uploads\/2018\/05\/independiente-velez-camiseta-blanca-lda-1068x681.jpg 1068w, https:\/\/locoxelrojo.com\/independiente\/wp-content\/uploads\/2018\/05\/independiente-velez-camiseta-blanca-lda-659x420.jpg 659w, https:\/\/locoxelrojo.com\/independiente\/wp-content\/uploads\/2018\/05\/independiente-velez-camiseta-blanca-lda-128x82.jpg 128w, https:\/\/locoxelrojo.com\/independiente\/wp-content\/uploads\/2018\/05\/independiente-velez-camiseta-blanca-lda-32x20.jpg 32w\" sizes=\"(max-width: 2048px) 100vw, 2048px\" \/><\/a><\/p>\n<p><strong>A ra\u00edz de la finalizaci\u00f3n de las obras en el Estadio Libertadores en diciembre de 2016<\/strong>, a fines de marzo de 2017 Independiente us\u00f3 un conjunto todo blanco en un <strong>empate 1-1 frente al Fort\u00edn de Liniers<\/strong>.<\/p>\n<p>La particularidad, adem\u00e1s de algunos detalles dorados y rojos, fue que <strong>en la parte de adelante estaba el dibujo del remodelado estadio del Rey de Copas<\/strong>.<\/p>\n<h3>Todo Rojo, en la Recopa 2018<\/h3>\n<p><a href=\"https:\/\/www.locoxelrojo.com\/independiente\/wp-content\/uploads\/2018\/02\/WhatsApp-Image-2018-02-22-at-00.47.16.jpeg\"><img loading=\"lazy\" class=\"aligncenter size-full wp-image-75854\" src=\"https:\/\/www.locoxelrojo.com\/independiente\/wp-content\/uploads\/2018\/02\/WhatsApp-Image-2018-02-22-at-00.47.16.jpeg\" alt=\"\" width=\"1280\" height=\"875\" srcset=\"https:\/\/locoxelrojo.com\/independiente\/wp-content\/uploads\/2018\/02\/WhatsApp-Image-2018-02-22-at-00.47.16.jpeg 1280w, https:\/\/locoxelrojo.com\/independiente\/wp-content\/uploads\/2018\/02\/WhatsApp-Image-2018-02-22-at-00.47.16-300x205.jpeg 300w, https:\/\/locoxelrojo.com\/independiente\/wp-content\/uploads\/2018\/02\/WhatsApp-Image-2018-02-22-at-00.47.16-768x525.jpeg 768w, https:\/\/locoxelrojo.com\/independiente\/wp-content\/uploads\/2018\/02\/WhatsApp-Image-2018-02-22-at-00.47.16-1024x700.jpeg 1024w, https:\/\/locoxelrojo.com\/independiente\/wp-content\/uploads\/2018\/02\/WhatsApp-Image-2018-02-22-at-00.47.16-218x150.jpeg 218w, https:\/\/locoxelrojo.com\/independiente\/wp-content\/uploads\/2018\/02\/WhatsApp-Image-2018-02-22-at-00.47.16-696x476.jpeg 696w, https:\/\/locoxelrojo.com\/independiente\/wp-content\/uploads\/2018\/02\/WhatsApp-Image-2018-02-22-at-00.47.16-1068x730.jpeg 1068w, https:\/\/locoxelrojo.com\/independiente\/wp-content\/uploads\/2018\/02\/WhatsApp-Image-2018-02-22-at-00.47.16-614x420.jpeg 614w, https:\/\/locoxelrojo.com\/independiente\/wp-content\/uploads\/2018\/02\/WhatsApp-Image-2018-02-22-at-00.47.16-128x88.jpeg 128w, https:\/\/locoxelrojo.com\/independiente\/wp-content\/uploads\/2018\/02\/WhatsApp-Image-2018-02-22-at-00.47.16-32x22.jpeg 32w\" sizes=\"(max-width: 1280px) 100vw, 1280px\" \/><\/a><\/p>\n<p>&#8220;Todo Rojo&#8221; se transform\u00f3 en uno de los lemas m\u00e1s conocidos durante el proceso de Ariel Holan. <strong>Producto del efecto que provoc\u00f3 en el Mundo Independiente, la marca que viste al Rey de Copas sac\u00f3 una edici\u00f3n especial para la Recopa de este a\u00f1o<\/strong>.<\/p>\n<p>La misma consist\u00eda en vestir camiseta, pantal\u00f3n y medias de color rojo. Lo \u00fanico que desentonaba era el logo de la Libertadores y los n\u00fameros plateados. Incluso el escudo y las publicidades mantuvieron el tono rojo. <strong>\u00bfEl resultado? 1-1 global y derrota 5-4 en los penales<\/strong>.<\/p>\n<h3>El homenaje a la haza\u00f1a en C\u00f3rdoba contra Central en 2018<\/h3>\n<p><a href=\"https:\/\/www.locoxelrojo.com\/independiente\/wp-content\/uploads\/2018\/05\/gigliotti-bustos-rosario-central.jpg\"><img loading=\"lazy\" class=\"aligncenter size-full wp-image-77815\" src=\"https:\/\/www.locoxelrojo.com\/independiente\/wp-content\/uploads\/2018\/05\/gigliotti-bustos-rosario-central.jpg\" alt=\"\" width=\"790\" height=\"444\" srcset=\"https:\/\/locoxelrojo.com\/independiente\/wp-content\/uploads\/2018\/05\/gigliotti-bustos-rosario-central.jpg 790w, https:\/\/locoxelrojo.com\/independiente\/wp-content\/uploads\/2018\/05\/gigliotti-bustos-rosario-central-300x169.jpg 300w, https:\/\/locoxelrojo.com\/independiente\/wp-content\/uploads\/2018\/05\/gigliotti-bustos-rosario-central-768x432.jpg 768w, https:\/\/locoxelrojo.com\/independiente\/wp-content\/uploads\/2018\/05\/gigliotti-bustos-rosario-central-696x391.jpg 696w, https:\/\/locoxelrojo.com\/independiente\/wp-content\/uploads\/2018\/05\/gigliotti-bustos-rosario-central-747x420.jpg 747w, https:\/\/locoxelrojo.com\/independiente\/wp-content\/uploads\/2018\/05\/gigliotti-bustos-rosario-central-128x72.jpg 128w, https:\/\/locoxelrojo.com\/independiente\/wp-content\/uploads\/2018\/05\/gigliotti-bustos-rosario-central-32x18.jpg 32w\" sizes=\"(max-width: 790px) 100vw, 790px\" \/><\/a><\/p>\n<p>En enero pasado se cumplieron 40 a\u00f1os de una de las gestas hist\u00f3ricas m\u00e1s destacadas en el club. El empate 2-2 contra Talleres en C\u00f3rdoba con tres hombres menos y la posterior consagraci\u00f3n del Torneo Nacional 1977.<\/p>\n<p>Para homenajear dicha proeza, <strong>en el partido de la Superliga contra Rosario Central que termin\u00f3 1-1, el Rojo us\u00f3 una remera blanca con una estampa azul en el pecho en relaci\u00f3n al Cordobazo<\/strong>.<\/p>\n<h3>Los campeones de 1948, presentes 70 a\u00f1os despu\u00e9s<\/h3>\n<p><a href=\"https:\/\/www.locoxelrojo.com\/independiente\/wp-content\/uploads\/2018\/05\/5b0760f5070b7.jpeg\"><img loading=\"lazy\" class=\"aligncenter size-full wp-image-77816\" src=\"https:\/\/www.locoxelrojo.com\/independiente\/wp-content\/uploads\/2018\/05\/5b0760f5070b7.jpeg\" alt=\"\" width=\"1214\" height=\"697\" srcset=\"https:\/\/locoxelrojo.com\/independiente\/wp-content\/uploads\/2018\/05\/5b0760f5070b7.jpeg 1214w, https:\/\/locoxelrojo.com\/independiente\/wp-content\/uploads\/2018\/05\/5b0760f5070b7-300x172.jpeg 300w, https:\/\/locoxelrojo.com\/independiente\/wp-content\/uploads\/2018\/05\/5b0760f5070b7-768x441.jpeg 768w, https:\/\/locoxelrojo.com\/independiente\/wp-content\/uploads\/2018\/05\/5b0760f5070b7-1024x588.jpeg 1024w, https:\/\/locoxelrojo.com\/independiente\/wp-content\/uploads\/2018\/05\/5b0760f5070b7-696x400.jpeg 696w, https:\/\/locoxelrojo.com\/independiente\/wp-content\/uploads\/2018\/05\/5b0760f5070b7-1068x613.jpeg 1068w, https:\/\/locoxelrojo.com\/independiente\/wp-content\/uploads\/2018\/05\/5b0760f5070b7-732x420.jpeg 732w, https:\/\/locoxelrojo.com\/independiente\/wp-content\/uploads\/2018\/05\/5b0760f5070b7-128x73.jpeg 128w, https:\/\/locoxelrojo.com\/independiente\/wp-content\/uploads\/2018\/05\/5b0760f5070b7-32x18.jpeg 32w\" sizes=\"(max-width: 1214px) 100vw, 1214px\" \/><\/a><\/p>\n<p><strong>La \u00faltima de esta recorrida es la que us\u00f3 el Rojo ayer ante Deportivo Lara en conmemoraci\u00f3n a los campeones del Torneo 1948<\/strong>.<\/p>\n<p>La tan esperada camisa que demor\u00f3 su estreno oficial se hizo presente anoche en el <strong>triunfo del Rey de Copas 2-0<\/strong>\u00a0que le permiti\u00f3 acceder a los octavos de final de la Libertadores despu\u00e9s de 23 a\u00f1os. <strong>\u00bfCu\u00e1l fue la mejor de todas?<\/strong><\/p>\n","protected":false},"excerpt":{"rendered":"<p>Con el estreno de la remera que utiliz\u00f3 Independiente anoche ante Deportivo Lara, repasaremos c\u00f3mo le fue al Rojo cuando us\u00f3 alg\u00fan modelo particular para un encuentro desde el arribo de Puma a Avellaneda en 2009. Las gestas hist\u00f3ricas frente a V\u00e9lez en 2009 La primera camiseta a la que haremos menci\u00f3n es la que [&hellip;]<\/p>\n","protected":false},"author":19,"featured_media":77122,"comment_status":"open","ping_status":"closed","sticky":false,"template":"","format":"standard","meta":{"_links_to":"","_links_to_target":""},"categories":[3280,3247],"tags":[2254,153,2740,3719,1617,358,2831,434,2783,507,3895,2722],"_links":{"self":[{"href":"https:\/\/www.locoxelrojo.com\/independiente\/wp-json\/wp\/v2\/posts\/77772"}],"collection":[{"href":"https:\/\/www.locoxelrojo.com\/independiente\/wp-json\/wp\/v2\/posts"}],"about":[{"href":"https:\/\/www.locoxelrojo.com\/independiente\/wp-json\/wp\/v2\/types\/post"}],"author":[{"embeddable":true,"href":"https:\/\/www.locoxelrojo.com\/independiente\/wp-json\/wp\/v2\/users\/19"}],"replies":[{"embeddable":true,"href":"https:\/\/www.locoxelrojo.com\/independiente\/wp-json\/wp\/v2\/comments?post=77772"}],"version-history":[{"count":0,"href":"https:\/\/www.locoxelrojo.com\/independiente\/wp-json\/wp\/v2\/posts\/77772\/revisions"}],"wp:featuredmedia":[{"embeddable":true,"href":"https:\/\/www.locoxelrojo.com\/independiente\/wp-json\/wp\/v2\/media\/77122"}],"wp:attachment":[{"href":"https:\/\/www.locoxelrojo.com\/independiente\/wp-json\/wp\/v2\/media?parent=77772"}],"wp:term":[{"taxonomy":"category","embeddable":true,"href":"https:\/\/www.locoxelrojo.com\/independiente\/wp-json\/wp\/v2\/categories?post=77772"},{"taxonomy":"post_tag","embeddable":true,"href":"https:\/\/www.locoxelrojo.com\/independiente\/wp-json\/wp\/v2\/tags?post=77772"}],"curies":[{"name":"wp","href":"https:\/\/api.w.org\/{rel}","templated":true}]}}