{"id":77841,"date":"2018-05-28T21:25:05","date_gmt":"2018-05-29T00:25:05","guid":{"rendered":"http:\/\/www.locoxelrojo.com\/independiente\/?p=77841"},"modified":"2018-05-28T22:14:10","modified_gmt":"2018-05-29T01:14:10","slug":"martin-benitez-hablo-de-su-continuidad-se-va-o-se-queda","status":"publish","type":"post","link":"https:\/\/www.locoxelrojo.com\/independiente\/2018\/05\/28\/martin-benitez-hablo-de-su-continuidad-se-va-o-se-queda\/","title":{"rendered":"Ben\u00edtez habl\u00f3 de su futuro: \u00bfSeguir\u00e1?"},"content":{"rendered":"<p>El delantero de Independiente brind\u00f3 una entrevista a Closs Continental, donde dej\u00f3 varios t\u00edtulos interesantes: su continuidad, el balance del semestre y el futuro del Rojo en la Copa Libertadores, entre otros.<\/p>\n<p>Haciendo referencia a la convocatoria de Maximiliano Meza a la Selecci\u00f3n, el Misionero expres\u00f3: <strong>&#8220;Hace mucho tiempo que no hab\u00eda un convocado de Independiente, eso hace que uno se ilusione&#8221;<\/strong>.<\/p>\n<p>Luego, realiz\u00f3 un balance del primer semestre: <strong>&#8220;Fue bueno, cumplimos los objetivos&#8221;<\/strong>. Y agreg\u00f3 cifras que justificaron su gran rendimiento: <strong>&#8220;El cuerpo t\u00e9cnico me entreg\u00f3 la estad\u00edstica del campeonato y cada dos tiros al arco, hice un gol&#8221;<\/strong>.<\/p>\n<p>Sobre las posibilidades de una transferencia al exterior, Ben\u00edtez se mostr\u00f3 despreocupado: <strong>&#8220;Yo me siento muy c\u00f3modo ac\u00e1 en Independiente. Siempre so\u00f1\u00e9 con jugar copas y ganar torneos ac\u00e1&#8221;<\/strong>. Y si bien su representante hab\u00eda afirmado que hay varias ofertas, el atacante afirm\u00f3: <strong>&#8220;Me tomar\u00e9 11 d\u00edas de vacaciones y apagar\u00e9 el celular para poder disfrutar de la familia&#8221;<\/strong>.<\/p>\n<p>Al ser consultado por el sorteo de los octavos de final de la Copa Libertadores, coment\u00f3 a quien preferir\u00eda evitar: <strong>&#8220;Ojal\u00e1 que el rival no sea River porque \u00faltimamente viene demostrando que es muy fuerte en la Copa&#8221;<\/strong>. Y ante la pregunta de &#8220;\u00bfLibertadores o campeonato local?&#8221;, contest\u00f3: <strong>&#8220;El objetivo es llegar lo m\u00e1s lejos posible en la Copa y pelear los dos torneos&#8221;<\/strong>.<\/p>\n<p>Por \u00faltimo, el autor del gol ol\u00edmpico el jueves pasado revel\u00f3 que el t\u00e9cnico lo eligi\u00f3 para hacerse cargo de la pelota parada: <strong>&#8220;(Ariel) Holan hace dos o tres fechas me asign\u00f3 para manejar la pelota parada. Estaba ensayado que el c\u00f3rner (frente a Lara) vaya al primer palo&#8221;<\/strong>.<\/p>\n","protected":false},"excerpt":{"rendered":"<p>El delantero de Independiente brind\u00f3 una entrevista a Closs Continental, donde dej\u00f3 varios t\u00edtulos interesantes: su continuidad, el balance del semestre y el futuro del Rojo en la Copa Libertadores, entre otros. Haciendo referencia a la convocatoria de Maximiliano Meza a la Selecci\u00f3n, el Misionero expres\u00f3: &#8220;Hace mucho tiempo que no hab\u00eda un convocado de [&hellip;]<\/p>\n","protected":false},"author":101014,"featured_media":77458,"comment_status":"open","ping_status":"closed","sticky":false,"template":"","format":"standard","meta":{"_links_to":"","_links_to_target":""},"categories":[3247,3],"tags":[258],"_links":{"self":[{"href":"https:\/\/www.locoxelrojo.com\/independiente\/wp-json\/wp\/v2\/posts\/77841"}],"collection":[{"href":"https:\/\/www.locoxelrojo.com\/independiente\/wp-json\/wp\/v2\/posts"}],"about":[{"href":"https:\/\/www.locoxelrojo.com\/independiente\/wp-json\/wp\/v2\/types\/post"}],"author":[{"embeddable":true,"href":"https:\/\/www.locoxelrojo.com\/independiente\/wp-json\/wp\/v2\/users\/101014"}],"replies":[{"embeddable":true,"href":"https:\/\/www.locoxelrojo.com\/independiente\/wp-json\/wp\/v2\/comments?post=77841"}],"version-history":[{"count":1,"href":"https:\/\/www.locoxelrojo.com\/independiente\/wp-json\/wp\/v2\/posts\/77841\/revisions"}],"predecessor-version":[{"id":77842,"href":"https:\/\/www.locoxelrojo.com\/independiente\/wp-json\/wp\/v2\/posts\/77841\/revisions\/77842"}],"wp:featuredmedia":[{"embeddable":true,"href":"https:\/\/www.locoxelrojo.com\/independiente\/wp-json\/wp\/v2\/media\/77458"}],"wp:attachment":[{"href":"https:\/\/www.locoxelrojo.com\/independiente\/wp-json\/wp\/v2\/media?parent=77841"}],"wp:term":[{"taxonomy":"category","embeddable":true,"href":"https:\/\/www.locoxelrojo.com\/independiente\/wp-json\/wp\/v2\/categories?post=77841"},{"taxonomy":"post_tag","embeddable":true,"href":"https:\/\/www.locoxelrojo.com\/independiente\/wp-json\/wp\/v2\/tags?post=77841"}],"curies":[{"name":"wp","href":"https:\/\/api.w.org\/{rel}","templated":true}]}}