{"id":77843,"date":"2018-05-29T00:53:39","date_gmt":"2018-05-29T03:53:39","guid":{"rendered":"http:\/\/www.locoxelrojo.com\/independiente\/?p=77843"},"modified":"2018-05-30T02:58:14","modified_gmt":"2018-05-30T05:58:14","slug":"representante-meza-tajante-sobre-continuidad-independiente","status":"publish","type":"post","link":"https:\/\/www.locoxelrojo.com\/independiente\/2018\/05\/29\/representante-meza-tajante-sobre-continuidad-independiente\/","title":{"rendered":"El representante de Meza, tajante sobre su continuidad"},"content":{"rendered":"<p><strong>Sergio Carrizo<\/strong>, representante de <strong>Maximiliano Meza<\/strong>, habl\u00f3 sobre las posibilidades de que el volante emigre al Viejo Continente.<\/p>\n<p>En di\u00e1logo con Campanas del Infierno, Carrizo se\u00f1al\u00f3 la transparencia con la que pretende manejar la posible salida de su representado: <strong>\u201cEl d\u00eda que haya una oferta concreta, los primeros en saberlo ser\u00e1n los miembros de Comisi\u00f3n Directiva\u201d<\/strong>.<\/p>\n<p>Luego, coment\u00f3 que cuando hubo sondeos por el correntino a finales del a\u00f1o pasado, fue el propio Meza quien prioriz\u00f3 quedarse en el Rojo.\u00a0<strong>\u201cEn diciembre, cuando lo sondearon varios clubes, \u00e9l me dijo que agradezca pero que se quer\u00eda quedar a jugar en Independiente y estar cerca de la Selecci\u00f3n\u201d<\/strong>, coment\u00f3, y a\u00f1adi\u00f3 que<strong> \u201cMaxi se basa siempre en buscar objetivos deportivos\u201d<\/strong>.<\/p>\n<p>Tambi\u00e9n habl\u00f3 de la tan mencionada cl\u00e1usula de rescisi\u00f3n del futbolista:<strong> \u201cLa cl\u00e1usula es de 12 millones de d\u00f3lares. Con impuestos y todo se ir\u00eda a 15 millones de d\u00f3lares\u201d<\/strong>. Y respecto de los rumores de una posible suba de cl\u00e1usula, complet\u00f3:\u00a0<strong>\u201cDesde nuestro sector no hemos pensado en subir la cl\u00e1usula. Independiente tiene gente que lo ha administrado de gran manera. Ha comprado y ha vendido muy bien\u201d<\/strong>.<\/p>\n<p>Para cerrar, fue tajante sobre la continuidad de Meza: <strong>\u201cSi no se va a un club importante de Europa, dif\u00edcilmente se vaya de Independiente\u201d<\/strong>.<\/p>\n","protected":false},"excerpt":{"rendered":"<p>Sergio Carrizo, representante de Maximiliano Meza, habl\u00f3 sobre las posibilidades de que el volante emigre al Viejo Continente. En di\u00e1logo con Campanas del Infierno, Carrizo se\u00f1al\u00f3 la transparencia con la que pretende manejar la posible salida de su representado: \u201cEl d\u00eda que haya una oferta concreta, los primeros en saberlo ser\u00e1n los miembros de Comisi\u00f3n [&hellip;]<\/p>\n","protected":false},"author":101014,"featured_media":77844,"comment_status":"open","ping_status":"closed","sticky":false,"template":"","format":"standard","meta":{"_links_to":"","_links_to_target":""},"categories":[3280,3247],"tags":[3303,3309],"_links":{"self":[{"href":"https:\/\/www.locoxelrojo.com\/independiente\/wp-json\/wp\/v2\/posts\/77843"}],"collection":[{"href":"https:\/\/www.locoxelrojo.com\/independiente\/wp-json\/wp\/v2\/posts"}],"about":[{"href":"https:\/\/www.locoxelrojo.com\/independiente\/wp-json\/wp\/v2\/types\/post"}],"author":[{"embeddable":true,"href":"https:\/\/www.locoxelrojo.com\/independiente\/wp-json\/wp\/v2\/users\/101014"}],"replies":[{"embeddable":true,"href":"https:\/\/www.locoxelrojo.com\/independiente\/wp-json\/wp\/v2\/comments?post=77843"}],"version-history":[{"count":0,"href":"https:\/\/www.locoxelrojo.com\/independiente\/wp-json\/wp\/v2\/posts\/77843\/revisions"}],"wp:featuredmedia":[{"embeddable":true,"href":"https:\/\/www.locoxelrojo.com\/independiente\/wp-json\/wp\/v2\/media\/77844"}],"wp:attachment":[{"href":"https:\/\/www.locoxelrojo.com\/independiente\/wp-json\/wp\/v2\/media?parent=77843"}],"wp:term":[{"taxonomy":"category","embeddable":true,"href":"https:\/\/www.locoxelrojo.com\/independiente\/wp-json\/wp\/v2\/categories?post=77843"},{"taxonomy":"post_tag","embeddable":true,"href":"https:\/\/www.locoxelrojo.com\/independiente\/wp-json\/wp\/v2\/tags?post=77843"}],"curies":[{"name":"wp","href":"https:\/\/api.w.org\/{rel}","templated":true}]}}