{"id":77848,"date":"2018-05-29T13:02:19","date_gmt":"2018-05-29T16:02:19","guid":{"rendered":"http:\/\/www.locoxelrojo.com\/independiente\/?p=77848"},"modified":"2018-05-30T03:01:25","modified_gmt":"2018-05-30T06:01:25","slug":"independiente-otra-sancion-de-la-conmebol","status":"publish","type":"post","link":"https:\/\/www.locoxelrojo.com\/independiente\/2018\/05\/29\/independiente-otra-sancion-de-la-conmebol\/","title":{"rendered":"Otra sanci\u00f3n de la Conmebol"},"content":{"rendered":"<p><strong>La Conmebol sancion\u00f3 econ\u00f3micamente a Independiente por actos racistas<\/strong> de parte de hinchas en los encuentros correspondientes a la Copa Libertadores de Am\u00e9rica.<\/p>\n<p><strong>La Confederaci\u00f3n Sudamericana de F\u00fatbol mult\u00f3 a Independiente con 25.000 d\u00f3lares por actos racistas y discriminatorios en los partidos donde el club ejerci\u00f3 la local\u00eda.<\/strong> Este monto se extraer\u00e1 del valor recibido por televisaci\u00f3n y patrocinio. A su vez, <strong>se le notific\u00f3 que de volver a ocurrir lo mismo se lo sancionara con medidas m\u00e1s severas a la instituci\u00f3n.<\/strong><\/p>\n<p><strong>La dirigencia del Rojo dispone de 7 d\u00edas que comenzaron a transcurrir desde el 26 de mayo (d\u00eda posterior en que se confirm\u00f3 la medida) para apelar el fallo<\/strong>. De presentar la apelaci\u00f3n, deber\u00e1 abonarse 1.000 d\u00f3lares por transferencia bancaria.<\/p>\n<p><a href=\"https:\/\/www.locoxelrojo.com\/independiente\/wp-content\/uploads\/2018\/05\/WhatsApp-Image-2018-05-29-at-11.19.54-AM.jpeg\"><img loading=\"lazy\" class=\"alignnone size-full wp-image-77850\" src=\"https:\/\/www.locoxelrojo.com\/independiente\/wp-content\/uploads\/2018\/05\/WhatsApp-Image-2018-05-29-at-11.19.54-AM.jpeg\" alt=\"\" width=\"636\" height=\"487\" srcset=\"https:\/\/locoxelrojo.com\/independiente\/wp-content\/uploads\/2018\/05\/WhatsApp-Image-2018-05-29-at-11.19.54-AM.jpeg 636w, https:\/\/locoxelrojo.com\/independiente\/wp-content\/uploads\/2018\/05\/WhatsApp-Image-2018-05-29-at-11.19.54-AM-300x230.jpeg 300w, https:\/\/locoxelrojo.com\/independiente\/wp-content\/uploads\/2018\/05\/WhatsApp-Image-2018-05-29-at-11.19.54-AM-80x60.jpeg 80w, https:\/\/locoxelrojo.com\/independiente\/wp-content\/uploads\/2018\/05\/WhatsApp-Image-2018-05-29-at-11.19.54-AM-549x420.jpeg 549w, https:\/\/locoxelrojo.com\/independiente\/wp-content\/uploads\/2018\/05\/WhatsApp-Image-2018-05-29-at-11.19.54-AM-128x98.jpeg 128w, https:\/\/locoxelrojo.com\/independiente\/wp-content\/uploads\/2018\/05\/WhatsApp-Image-2018-05-29-at-11.19.54-AM-32x25.jpeg 32w\" sizes=\"(max-width: 636px) 100vw, 636px\" \/><\/a><\/p>\n","protected":false},"excerpt":{"rendered":"<p>La Conmebol sancion\u00f3 econ\u00f3micamente a Independiente por actos racistas de parte de hinchas en los encuentros correspondientes a la Copa Libertadores de Am\u00e9rica. La Confederaci\u00f3n Sudamericana de F\u00fatbol mult\u00f3 a Independiente con 25.000 d\u00f3lares por actos racistas y discriminatorios en los partidos donde el club ejerci\u00f3 la local\u00eda. Este monto se extraer\u00e1 del valor recibido [&hellip;]<\/p>\n","protected":false},"author":25,"featured_media":77849,"comment_status":"open","ping_status":"closed","sticky":false,"template":"","format":"standard","meta":{"_links_to":"","_links_to_target":""},"categories":[3280,3247],"tags":[184],"_links":{"self":[{"href":"https:\/\/www.locoxelrojo.com\/independiente\/wp-json\/wp\/v2\/posts\/77848"}],"collection":[{"href":"https:\/\/www.locoxelrojo.com\/independiente\/wp-json\/wp\/v2\/posts"}],"about":[{"href":"https:\/\/www.locoxelrojo.com\/independiente\/wp-json\/wp\/v2\/types\/post"}],"author":[{"embeddable":true,"href":"https:\/\/www.locoxelrojo.com\/independiente\/wp-json\/wp\/v2\/users\/25"}],"replies":[{"embeddable":true,"href":"https:\/\/www.locoxelrojo.com\/independiente\/wp-json\/wp\/v2\/comments?post=77848"}],"version-history":[{"count":1,"href":"https:\/\/www.locoxelrojo.com\/independiente\/wp-json\/wp\/v2\/posts\/77848\/revisions"}],"predecessor-version":[{"id":77851,"href":"https:\/\/www.locoxelrojo.com\/independiente\/wp-json\/wp\/v2\/posts\/77848\/revisions\/77851"}],"wp:featuredmedia":[{"embeddable":true,"href":"https:\/\/www.locoxelrojo.com\/independiente\/wp-json\/wp\/v2\/media\/77849"}],"wp:attachment":[{"href":"https:\/\/www.locoxelrojo.com\/independiente\/wp-json\/wp\/v2\/media?parent=77848"}],"wp:term":[{"taxonomy":"category","embeddable":true,"href":"https:\/\/www.locoxelrojo.com\/independiente\/wp-json\/wp\/v2\/categories?post=77848"},{"taxonomy":"post_tag","embeddable":true,"href":"https:\/\/www.locoxelrojo.com\/independiente\/wp-json\/wp\/v2\/tags?post=77848"}],"curies":[{"name":"wp","href":"https:\/\/api.w.org\/{rel}","templated":true}]}}