{"id":77889,"date":"2018-06-02T15:46:07","date_gmt":"2018-06-02T18:46:07","guid":{"rendered":"http:\/\/www.locoxelrojo.com\/independiente\/?p=77889"},"modified":"2018-06-03T08:49:02","modified_gmt":"2018-06-03T11:49:02","slug":"dos-mas-independiente-al-mundial","status":"publish","type":"post","link":"https:\/\/www.locoxelrojo.com\/independiente\/2018\/06\/02\/dos-mas-independiente-al-mundial\/","title":{"rendered":"\u00a1Dos m\u00e1s al Mundial!"},"content":{"rendered":"<p><strong>Mart\u00edn Campa\u00f1a y Gast\u00f3n Silva fueron confirmados en la lista de 23 jugadores de la Selecci\u00f3n de Uruguay para el Mundial de Rusia 2018.<\/strong><\/p>\n<p>El arquero y el defensor de Independiente hab\u00edan sido preseleccionados en una n\u00f3mina de 26 futbolistas que <strong>trabajan desde hace varios d\u00edas en el Complejo de la Asociaci\u00f3n Uruguaya de F\u00fatbol<\/strong>. En las \u00faltimas horas, el t\u00e9cnico \u00d3scar Tab\u00e1rez hizo el \u00faltimo recorte de la lista.<\/p>\n<p>Campa\u00f1a y Silva se ganaron un lugar entre los 23 y as\u00ed <strong>tendr\u00e1n su primera participaci\u00f3n en un Mundial<\/strong>. Entre los convocados tambi\u00e9n est\u00e1 el ex 10 del Rojo, Cristian &#8220;Cebolla&#8221; Rodr\u00edguez.<\/p>\n<blockquote class=\"twitter-tweet\" data-lang=\"es\">\n<p lang=\"es\" dir=\"ltr\">Plantel definitivo de <a href=\"https:\/\/twitter.com\/Uruguay?ref_src=twsrc%5Etfw\">@Uruguay<\/a> para la Copa del Mundo <a href=\"https:\/\/twitter.com\/hashtag\/Rusia2018?src=hash&amp;ref_src=twsrc%5Etfw\">#Rusia2018<\/a>. El Cuerpo T\u00e9cnico confirm\u00f3 los 23 futbolistas que defender\u00e1n a la Celeste en el mundial.<a href=\"https:\/\/twitter.com\/hashtag\/ElEquipoQueNosUne?src=hash&amp;ref_src=twsrc%5Etfw\">#ElEquipoQueNosUne<\/a> <a href=\"https:\/\/t.co\/bS9ZQtMK1w\">pic.twitter.com\/bS9ZQtMK1w<\/a><\/p>\n<p>&mdash; Selecci\u00f3n Uruguaya (@Uruguay) <a href=\"https:\/\/twitter.com\/Uruguay\/status\/1002933744750288897?ref_src=twsrc%5Etfw\">2 de junio de 2018<\/a><\/p><\/blockquote>\n<p><script async src=\"https:\/\/platform.twitter.com\/widgets.js\" charset=\"utf-8\"><\/script><\/p>\n","protected":false},"excerpt":{"rendered":"<p>Mart\u00edn Campa\u00f1a y Gast\u00f3n Silva fueron confirmados en la lista de 23 jugadores de la Selecci\u00f3n de Uruguay para el Mundial de Rusia 2018. El arquero y el defensor de Independiente hab\u00edan sido preseleccionados en una n\u00f3mina de 26 futbolistas que trabajan desde hace varios d\u00edas en el Complejo de la Asociaci\u00f3n Uruguaya de F\u00fatbol. [&hellip;]<\/p>\n","protected":false},"author":8,"featured_media":77890,"comment_status":"open","ping_status":"closed","sticky":false,"template":"","format":"standard","meta":{"_links_to":"","_links_to_target":""},"categories":[3280,3247],"tags":[3557,3126,3656,3657],"_links":{"self":[{"href":"https:\/\/www.locoxelrojo.com\/independiente\/wp-json\/wp\/v2\/posts\/77889"}],"collection":[{"href":"https:\/\/www.locoxelrojo.com\/independiente\/wp-json\/wp\/v2\/posts"}],"about":[{"href":"https:\/\/www.locoxelrojo.com\/independiente\/wp-json\/wp\/v2\/types\/post"}],"author":[{"embeddable":true,"href":"https:\/\/www.locoxelrojo.com\/independiente\/wp-json\/wp\/v2\/users\/8"}],"replies":[{"embeddable":true,"href":"https:\/\/www.locoxelrojo.com\/independiente\/wp-json\/wp\/v2\/comments?post=77889"}],"version-history":[{"count":0,"href":"https:\/\/www.locoxelrojo.com\/independiente\/wp-json\/wp\/v2\/posts\/77889\/revisions"}],"wp:featuredmedia":[{"embeddable":true,"href":"https:\/\/www.locoxelrojo.com\/independiente\/wp-json\/wp\/v2\/media\/77890"}],"wp:attachment":[{"href":"https:\/\/www.locoxelrojo.com\/independiente\/wp-json\/wp\/v2\/media?parent=77889"}],"wp:term":[{"taxonomy":"category","embeddable":true,"href":"https:\/\/www.locoxelrojo.com\/independiente\/wp-json\/wp\/v2\/categories?post=77889"},{"taxonomy":"post_tag","embeddable":true,"href":"https:\/\/www.locoxelrojo.com\/independiente\/wp-json\/wp\/v2\/tags?post=77889"}],"curies":[{"name":"wp","href":"https:\/\/api.w.org\/{rel}","templated":true}]}}