{"id":77988,"date":"2018-06-11T17:14:27","date_gmt":"2018-06-11T20:14:27","guid":{"rendered":"http:\/\/www.locoxelrojo.com\/independiente\/?p=77988"},"modified":"2018-06-12T06:06:07","modified_gmt":"2018-06-12T09:06:07","slug":"prestados-rojos-que-paso-con-messiniti","status":"publish","type":"post","link":"https:\/\/www.locoxelrojo.com\/independiente\/2018\/06\/11\/prestados-rojos-que-paso-con-messiniti\/","title":{"rendered":"Prestados Rojos: \u00bfQu\u00e9 pas\u00f3 con Nicol\u00e1s Messiniti?"},"content":{"rendered":"<p>Continuamos con el habitual repaso de los jugadores cedidos a pr\u00e9stamo por Independiente. En esta oportunidad, te acercamos el caso de <strong>Nicolas Messiniti<\/strong>, quien tuvo muy poco rodaje durante su pr\u00e9stamo.<\/p>\n<p><a href=\"https:\/\/www.locoxelrojo.com\/independiente\/2017\/07\/26\/messiniti-firmo-san-juan\/\">El delantero que pintaba para promesa hab\u00eda sido cedido sin cargo y sin opci\u00f3n a <strong>San Mart\u00edn de San Juan<\/strong> en julio del a\u00f1o pasado<\/a> para foguearse y volver en junio para revalidar los 11 goles que hab\u00eda hecho en el \u00faltimo Torneo de Reserva con el Rojo. Pero <strong>lamentablemente tuvo muy pocos minutos en la Primera del conjunto cuyano y en todo este semestre jug\u00f3 muy poco<\/strong>.<\/p>\n<p>\u00bfQu\u00e9 fue lo que pas\u00f3? <strong>&#8220;Yo estaba por jugar pero me desafectaron de la concentraci\u00f3n por la inhibici\u00f3n que ten\u00eda Independiente con el Banco Provincia. Despu\u00e9s estuve concentrado en cuatro partidos y en uno fui titular, pero despu\u00e9s cambi\u00f3 el DT y no tuve lugar&#8221;<\/strong>, le asegur\u00f3 el delantero a <strong>LocoXelRojo<\/strong>.<\/p>\n<p>En toda su estad\u00eda en San Juan, <strong>disput\u00f3 un total de 111 minutos, producto de cuatro partidos -donde s\u00f3lo en uno pudo ser titular- y no marc\u00f3 goles en partidos oficiales<\/strong>. Sin embargo, <a href=\"https:\/\/www.locoxelrojo.com\/independiente\/2017\/10\/07\/prestados-rojos-golazo-messiniti-boca\/\">en un amistoso ante Boca anot\u00f3 el \u00fanico tanto del partido a nueve minutos del cierre del encuentro<\/a>.<\/p>\n<p><iframe loading=\"lazy\" src=\"https:\/\/www.youtube.com\/embed\/k3s6rcVApGY\" width=\"560\" height=\"315\" frameborder=\"0\" allowfullscreen=\"allowfullscreen\"><\/iframe><\/p>\n<p>Ahora, el joven de 22 a\u00f1os <strong>deber\u00eda volver a Independiente en junio y ponerse a disposici\u00f3n de Ariel Holan<\/strong> y el resto del cuerpo t\u00e9cnico para comenzar la pretemporada. \u00bfSer\u00e1 tenido en cuenta por el DT?<\/p>\n","protected":false},"excerpt":{"rendered":"<p>Continuamos con el habitual repaso de los jugadores cedidos a pr\u00e9stamo por Independiente. En esta oportunidad, te acercamos el caso de Nicolas Messiniti, quien tuvo muy poco rodaje durante su pr\u00e9stamo. El delantero que pintaba para promesa hab\u00eda sido cedido sin cargo y sin opci\u00f3n a San Mart\u00edn de San Juan en julio del a\u00f1o [&hellip;]<\/p>\n","protected":false},"author":16,"featured_media":77989,"comment_status":"open","ping_status":"closed","sticky":false,"template":"","format":"standard","meta":{"_links_to":"","_links_to_target":""},"categories":[3297,3247],"tags":[153,3109,3298],"_links":{"self":[{"href":"https:\/\/www.locoxelrojo.com\/independiente\/wp-json\/wp\/v2\/posts\/77988"}],"collection":[{"href":"https:\/\/www.locoxelrojo.com\/independiente\/wp-json\/wp\/v2\/posts"}],"about":[{"href":"https:\/\/www.locoxelrojo.com\/independiente\/wp-json\/wp\/v2\/types\/post"}],"author":[{"embeddable":true,"href":"https:\/\/www.locoxelrojo.com\/independiente\/wp-json\/wp\/v2\/users\/16"}],"replies":[{"embeddable":true,"href":"https:\/\/www.locoxelrojo.com\/independiente\/wp-json\/wp\/v2\/comments?post=77988"}],"version-history":[{"count":0,"href":"https:\/\/www.locoxelrojo.com\/independiente\/wp-json\/wp\/v2\/posts\/77988\/revisions"}],"wp:featuredmedia":[{"embeddable":true,"href":"https:\/\/www.locoxelrojo.com\/independiente\/wp-json\/wp\/v2\/media\/77989"}],"wp:attachment":[{"href":"https:\/\/www.locoxelrojo.com\/independiente\/wp-json\/wp\/v2\/media?parent=77988"}],"wp:term":[{"taxonomy":"category","embeddable":true,"href":"https:\/\/www.locoxelrojo.com\/independiente\/wp-json\/wp\/v2\/categories?post=77988"},{"taxonomy":"post_tag","embeddable":true,"href":"https:\/\/www.locoxelrojo.com\/independiente\/wp-json\/wp\/v2\/tags?post=77988"}],"curies":[{"name":"wp","href":"https:\/\/api.w.org\/{rel}","templated":true}]}}