{"id":77990,"date":"2018-06-11T16:20:05","date_gmt":"2018-06-11T19:20:05","guid":{"rendered":"http:\/\/www.locoxelrojo.com\/independiente\/?p=77990"},"modified":"2018-06-12T06:06:37","modified_gmt":"2018-06-12T09:06:37","slug":"prestados-rojos-poca-actividad-de-gabriel-arce-en-estados-unidos","status":"publish","type":"post","link":"https:\/\/www.locoxelrojo.com\/independiente\/2018\/06\/11\/prestados-rojos-poca-actividad-de-gabriel-arce-en-estados-unidos\/","title":{"rendered":"Prestados Rojos: poca actividad de Arce en Estados Unidos"},"content":{"rendered":"<p>A principio de a\u00f1o, sin lugar en la Primera de Independiente, <strong>Gabriel Arce<\/strong> fue cedido por un a\u00f1o al <strong>Tulsa Roughnecks<\/strong>, que milita en la segunda divisi\u00f3n de Estados Unidos. El delantero no tuvo mucha actividad pero se debe a la poca competitividad de la liga.<\/p>\n<p>S\u00f3lo 13 partidos oficiales disput\u00f3 el Tulsa Roughnecks en este semestre y no le fue para nada bien: se encuentra \u00faltimo en la Conferencia Oeste, con siete partidos empatados y cinco perdidos. Y de \u00e9stos, <strong>el delantero de 23 a\u00f1os dijo presente s\u00f3lo en 608 minutos, producto de ocho partidos -siete como titular- y anot\u00f3 s\u00f3lo un gol<\/strong> (el segundo en su carrera).<\/p>\n<blockquote class=\"twitter-tweet\" data-lang=\"es\">\n<p dir=\"ltr\" lang=\"es\"><a href=\"https:\/\/twitter.com\/hashtag\/PrestadosRojos?src=hash&amp;ref_src=twsrc%5Etfw\">#PrestadosRojos<\/a> | El \u00fanico gol que convirti\u00f3, por ahora, Gabriel Arce durante su estad\u00eda en el <a href=\"https:\/\/twitter.com\/RoughnecksFC?ref_src=twsrc%5Etfw\">@RoughnecksFC<\/a>. Fue en la derrota 5-1 ante Phoenix Rising.<\/p>\n<p>A <a href=\"https:\/\/twitter.com\/hashtag\/Independiente?src=hash&amp;ref_src=twsrc%5Etfw\">#Independiente<\/a> debe volver a fin de a\u00f1o. <a href=\"https:\/\/t.co\/DLOCIjlRnJ\">pic.twitter.com\/DLOCIjlRnJ<\/a><\/p>\n<p>\u2014 Independiente (LXR) (@locoxelrojoweb) <a href=\"https:\/\/twitter.com\/locoxelrojoweb\/status\/1006275652776026117?ref_src=twsrc%5Etfw\">11 de junio de 2018<\/a><\/p><\/blockquote>\n<p><script async src=\"https:\/\/platform.twitter.com\/widgets.js\" charset=\"utf-8\"><\/script><\/p>\n<p>El pr\u00e9stamo del mendocino con el club estadounidense fue acordado por un a\u00f1o, sin cargo y sin opci\u00f3n, <strong>por lo que le restan al menos seis meses m\u00e1s hasta su retorno a Avellaneda<\/strong>.<\/p>\n","protected":false},"excerpt":{"rendered":"<p>A principio de a\u00f1o, sin lugar en la Primera de Independiente, Gabriel Arce fue cedido por un a\u00f1o al Tulsa Roughnecks, que milita en la segunda divisi\u00f3n de Estados Unidos. El delantero no tuvo mucha actividad pero se debe a la poca competitividad de la liga. S\u00f3lo 13 partidos oficiales disput\u00f3 el Tulsa Roughnecks en [&hellip;]<\/p>\n","protected":false},"author":16,"featured_media":77991,"comment_status":"open","ping_status":"closed","sticky":false,"template":"","format":"standard","meta":{"_links_to":"","_links_to_target":""},"categories":[3297,3247],"tags":[153,695,3133,3298,3918],"_links":{"self":[{"href":"https:\/\/www.locoxelrojo.com\/independiente\/wp-json\/wp\/v2\/posts\/77990"}],"collection":[{"href":"https:\/\/www.locoxelrojo.com\/independiente\/wp-json\/wp\/v2\/posts"}],"about":[{"href":"https:\/\/www.locoxelrojo.com\/independiente\/wp-json\/wp\/v2\/types\/post"}],"author":[{"embeddable":true,"href":"https:\/\/www.locoxelrojo.com\/independiente\/wp-json\/wp\/v2\/users\/16"}],"replies":[{"embeddable":true,"href":"https:\/\/www.locoxelrojo.com\/independiente\/wp-json\/wp\/v2\/comments?post=77990"}],"version-history":[{"count":0,"href":"https:\/\/www.locoxelrojo.com\/independiente\/wp-json\/wp\/v2\/posts\/77990\/revisions"}],"wp:featuredmedia":[{"embeddable":true,"href":"https:\/\/www.locoxelrojo.com\/independiente\/wp-json\/wp\/v2\/media\/77991"}],"wp:attachment":[{"href":"https:\/\/www.locoxelrojo.com\/independiente\/wp-json\/wp\/v2\/media?parent=77990"}],"wp:term":[{"taxonomy":"category","embeddable":true,"href":"https:\/\/www.locoxelrojo.com\/independiente\/wp-json\/wp\/v2\/categories?post=77990"},{"taxonomy":"post_tag","embeddable":true,"href":"https:\/\/www.locoxelrojo.com\/independiente\/wp-json\/wp\/v2\/tags?post=77990"}],"curies":[{"name":"wp","href":"https:\/\/api.w.org\/{rel}","templated":true}]}}