{"id":78063,"date":"2018-06-16T09:00:05","date_gmt":"2018-06-16T12:00:05","guid":{"rendered":"http:\/\/www.locoxelrojo.com\/independiente\/?p=78063"},"modified":"2018-06-17T10:03:27","modified_gmt":"2018-06-17T13:03:27","slug":"inferiores-cerraron-invictos-y-en-semifinales","status":"publish","type":"post","link":"https:\/\/www.locoxelrojo.com\/independiente\/2018\/06\/16\/inferiores-cerraron-invictos-y-en-semifinales\/","title":{"rendered":"Cerraron invictos y en semifinales"},"content":{"rendered":"<p><strong>Las Divisiones Inferiores de Independiente jugaron la \u00faltima fecha del campeonato ante Defensa y Justicia. Los menores fueron locales en Villa Dom\u00ednico y los mayores compitieron en Florencio Varela.<\/strong><\/p>\n<p>Una gran jornada de los pibes del Rojo en la fr\u00eda ma\u00f1ana de este viernes. <strong>No perdieron ning\u00fan partido ante el Halc\u00f3n y hasta se lucieron con una goleada en condici\u00f3n de visitante<\/strong>.<\/p>\n<p>Todos los flashes se los llev\u00f3 la <strong>S\u00e9ptima<\/strong>, que fue la <strong>\u00fanica categor\u00eda que termin\u00f3 el torneo en la punta y se clasific\u00f3 a las semifinales<\/strong>. En esa instancia enfrentar\u00e1 a <strong>Lan\u00fas<\/strong> el s\u00e1bado 23 de junio, posiblemente en la cancha de V\u00e9lez.<\/p>\n<p>El saldo de \u00e9sta \u00faltima fecha fue de <strong>12 puntos sobre 18 posibles<\/strong>, producto de <strong>3 victorias<\/strong> (Cuarta, Quinta y Octava) <strong>y 3 empates<\/strong> (Sexta, S\u00e9ptima y Novena).<\/p>\n<h3>Todos los resultados y goleadores ante Defensa y Justicia<\/h3>\n<p><strong>Cuarta Divisi\u00f3n<\/strong><br \/>\nDefensa y Justicia 1 &#8211; 4 Independiente (So\u00f1ora -2-, Mart\u00ednez y gol en contra)<\/p>\n<p><strong>Quinta Divisi\u00f3n<\/strong><br \/>\nDefensa y Justicia 1 &#8211; 3 Independiente (Moschen -2- y Gonz\u00e1lez)<\/p>\n<p><strong>Sexta Divisi\u00f3n<\/strong><br \/>\nDefensa y Justicia 0 &#8211; 0 Independiente<\/p>\n<p><strong>S\u00e9ptima Divisi\u00f3n<\/strong><br \/>\nIndependiente 0 &#8211; 0 Defensa y Justicia<\/p>\n<p><strong>Octava Divisi\u00f3n<\/strong><br \/>\nIndependiente 1 &#8211; 0 Defensa y Justicia (Furgiore)<\/p>\n<p><strong>Novena Divisi\u00f3n<\/strong><br \/>\nIndependiente 0 &#8211; 0 Defensa y Justicia<\/p>\n","protected":false},"excerpt":{"rendered":"<p>Las Divisiones Inferiores de Independiente jugaron la \u00faltima fecha del campeonato ante Defensa y Justicia. Los menores fueron locales en Villa Dom\u00ednico y los mayores compitieron en Florencio Varela. Una gran jornada de los pibes del Rojo en la fr\u00eda ma\u00f1ana de este viernes. No perdieron ning\u00fan partido ante el Halc\u00f3n y hasta se lucieron [&hellip;]<\/p>\n","protected":false},"author":8,"featured_media":78064,"comment_status":"open","ping_status":"closed","sticky":false,"template":"","format":"standard","meta":{"_links_to":"","_links_to_target":""},"categories":[3247,5],"tags":[896,3631],"_links":{"self":[{"href":"https:\/\/www.locoxelrojo.com\/independiente\/wp-json\/wp\/v2\/posts\/78063"}],"collection":[{"href":"https:\/\/www.locoxelrojo.com\/independiente\/wp-json\/wp\/v2\/posts"}],"about":[{"href":"https:\/\/www.locoxelrojo.com\/independiente\/wp-json\/wp\/v2\/types\/post"}],"author":[{"embeddable":true,"href":"https:\/\/www.locoxelrojo.com\/independiente\/wp-json\/wp\/v2\/users\/8"}],"replies":[{"embeddable":true,"href":"https:\/\/www.locoxelrojo.com\/independiente\/wp-json\/wp\/v2\/comments?post=78063"}],"version-history":[{"count":0,"href":"https:\/\/www.locoxelrojo.com\/independiente\/wp-json\/wp\/v2\/posts\/78063\/revisions"}],"wp:featuredmedia":[{"embeddable":true,"href":"https:\/\/www.locoxelrojo.com\/independiente\/wp-json\/wp\/v2\/media\/78064"}],"wp:attachment":[{"href":"https:\/\/www.locoxelrojo.com\/independiente\/wp-json\/wp\/v2\/media?parent=78063"}],"wp:term":[{"taxonomy":"category","embeddable":true,"href":"https:\/\/www.locoxelrojo.com\/independiente\/wp-json\/wp\/v2\/categories?post=78063"},{"taxonomy":"post_tag","embeddable":true,"href":"https:\/\/www.locoxelrojo.com\/independiente\/wp-json\/wp\/v2\/tags?post=78063"}],"curies":[{"name":"wp","href":"https:\/\/api.w.org\/{rel}","templated":true}]}}