{"id":78155,"date":"2018-06-25T14:45:30","date_gmt":"2018-06-25T17:45:30","guid":{"rendered":"http:\/\/www.locoxelrojo.com\/independiente\/?p=78155"},"modified":"2018-06-26T07:44:09","modified_gmt":"2018-06-26T10:44:09","slug":"jugadores-quienes-mas-se-pueden-ir","status":"publish","type":"post","link":"https:\/\/www.locoxelrojo.com\/independiente\/2018\/06\/25\/jugadores-quienes-mas-se-pueden-ir\/","title":{"rendered":"\u00bfQui\u00e9nes m\u00e1s se pueden ir?"},"content":{"rendered":"<p>Ariel Holan manifest\u00f3 cual es la situaci\u00f3n de tres futbol\u00edsticas que muy probablemente no contin\u00faen en Independiente.<\/p>\n<p>El primero de ellos es <strong>Dami\u00e1n Albil<\/strong>, el arquero finaliza su v\u00ednculo con el club y el entrenador dijo al respecto: <strong>\u201cLleg\u00f3 al final de su contrato, ya lo hab\u00eda hablado con \u00e9l. Tengo que pensar que tanto Rehak como V\u00e9lez es hora de que tengan sus posibilidades. Gonzalo ya lo demostr\u00f3 en la Primera\u201d<\/strong>. Los otros dos jugadores son <strong>Jon\u00e1s Guti\u00e9rrez y de Fernando Amorebieta<\/strong>, quienes a\u00fan tienen contrato vigente con la instituci\u00f3n, pero dif\u00edcilmente contin\u00faen en el club.<\/p>\n<p>Haciendo hincapi\u00e9 sobre el Galgo, en di\u00e1logo con Muy Independiente, Holan desliz\u00f3: <strong>\u201cLos jugadores de experiencia requieren minutos. Y si no puedo d\u00e1rselos me parece que es preferible que pueda jugar en un equipo donde tenga esas chances\u201d<\/strong>.<\/p>\n<p>As\u00ed mismo explic\u00f3 la situaci\u00f3n del Vasco: <strong>\u201cSobre lo deportivo ya habl\u00e9 con Fernando. Pero hay otras cuestiones. Si supieran los socios lo dif\u00edcil que es lidiar con los representantes. Hay muchas cosas que no salen a la luz, que tienen que ver con cuestiones econ\u00f3micas. Uno tambi\u00e9n tiene que ver ese tipo de ingenier\u00eda y con eso estoy codo a codo con el club\u201d<\/strong>, cerr\u00f3.<\/p>\n<p>A Amorebieta lo quiere Olimpia con quien Independiente est\u00e1 negociando por Richard S\u00e1nchez y, en una charla con Independiente de Am\u00e9rica, H\u00e9ctor Maldonado expres\u00f3: <strong>&#8220;Estuvimos hablando con la gente de Olimpia. Est\u00e1n interesados por Amorebieta. No sabemos si \u00e9l quiere irse. Nosotros aceptamos la oferta de Olimpia, pero decide el jugador&#8221;<\/strong>.<\/p>\n","protected":false},"excerpt":{"rendered":"<p>Ariel Holan manifest\u00f3 cual es la situaci\u00f3n de tres futbol\u00edsticas que muy probablemente no contin\u00faen en Independiente. El primero de ellos es Dami\u00e1n Albil, el arquero finaliza su v\u00ednculo con el club y el entrenador dijo al respecto: \u201cLleg\u00f3 al final de su contrato, ya lo hab\u00eda hablado con \u00e9l. Tengo que pensar que tanto [&hellip;]<\/p>\n","protected":false},"author":101011,"featured_media":76962,"comment_status":"open","ping_status":"closed","sticky":false,"template":"","format":"standard","meta":{"_links_to":"","_links_to_target":""},"categories":[3280,3247],"tags":[2998,3300,3517,3503],"_links":{"self":[{"href":"https:\/\/www.locoxelrojo.com\/independiente\/wp-json\/wp\/v2\/posts\/78155"}],"collection":[{"href":"https:\/\/www.locoxelrojo.com\/independiente\/wp-json\/wp\/v2\/posts"}],"about":[{"href":"https:\/\/www.locoxelrojo.com\/independiente\/wp-json\/wp\/v2\/types\/post"}],"author":[{"embeddable":true,"href":"https:\/\/www.locoxelrojo.com\/independiente\/wp-json\/wp\/v2\/users\/101011"}],"replies":[{"embeddable":true,"href":"https:\/\/www.locoxelrojo.com\/independiente\/wp-json\/wp\/v2\/comments?post=78155"}],"version-history":[{"count":1,"href":"https:\/\/www.locoxelrojo.com\/independiente\/wp-json\/wp\/v2\/posts\/78155\/revisions"}],"predecessor-version":[{"id":78166,"href":"https:\/\/www.locoxelrojo.com\/independiente\/wp-json\/wp\/v2\/posts\/78155\/revisions\/78166"}],"wp:featuredmedia":[{"embeddable":true,"href":"https:\/\/www.locoxelrojo.com\/independiente\/wp-json\/wp\/v2\/media\/76962"}],"wp:attachment":[{"href":"https:\/\/www.locoxelrojo.com\/independiente\/wp-json\/wp\/v2\/media?parent=78155"}],"wp:term":[{"taxonomy":"category","embeddable":true,"href":"https:\/\/www.locoxelrojo.com\/independiente\/wp-json\/wp\/v2\/categories?post=78155"},{"taxonomy":"post_tag","embeddable":true,"href":"https:\/\/www.locoxelrojo.com\/independiente\/wp-json\/wp\/v2\/tags?post=78155"}],"curies":[{"name":"wp","href":"https:\/\/api.w.org\/{rel}","templated":true}]}}