{"id":7820,"date":"2011-05-15T22:37:06","date_gmt":"2011-05-16T01:37:06","guid":{"rendered":"http:\/\/www.locoxelrojo.com.ar\/independiente\/?p=7820"},"modified":"2015-09-10T15:02:03","modified_gmt":"2015-09-10T18:02:03","slug":"rodriguez-creo-que-fue-el-mejor-gol-de-mi-carrera","status":"publish","type":"post","link":"https:\/\/www.locoxelrojo.com\/independiente\/2011\/05\/15\/rodriguez-creo-que-fue-el-mejor-gol-de-mi-carrera\/","title":{"rendered":"P. Rodr\u00edguez: &#8220;Creo que fue el mejor gol de mi carrera&#8221;"},"content":{"rendered":"<p><a href=\"http:\/\/www.locoxelrojo.com.ar\/independiente\/wp-content\/uploads\/2011\/05\/Patricio_Rodr.jpg\"><img loading=\"lazy\" class=\"alignnone size-full wp-image-7821\" title=\"Patricio_Rodr\" src=\"http:\/\/www.locoxelrojo.com.ar\/independiente\/wp-content\/uploads\/2011\/05\/Patricio_Rodr.jpg\" alt=\"\" width=\"590\" height=\"315\" srcset=\"https:\/\/locoxelrojo.com\/independiente\/wp-content\/uploads\/2011\/05\/Patricio_Rodr.jpg 590w, https:\/\/locoxelrojo.com\/independiente\/wp-content\/uploads\/2011\/05\/Patricio_Rodr-300x160.jpg 300w\" sizes=\"(max-width: 590px) 100vw, 590px\" \/><\/a><\/p>\n<p><strong>Patricio Rodr\u00edguez <\/strong>dialog\u00f3 con <strong>Independiente de Am\u00e9rica -domingos de 22 a 24 por Radio El Mundo AM 1070-<\/strong>. El 10 destac\u00f3 la importancia del gol y agradeci\u00f3 a la gente.Tambi\u00e9n se encarg\u00f3 de destacar el golpe animico que debe significar esta victoria.<\/p>\n<p><strong>&#8220;Nosotros siempre hacemos 1 o 2 goles, hoy mantuvimos el resultado y eso fue lo importante&#8221;, <\/strong>resalt\u00f3 Rodr\u00edguez. Luego, hizo analisis sobre el presente personal. &#8220;<strong>Lo dije ante de jugar con Boca, tenemos un gran equipo y no ten\u00eda dudas de que \u00edbamos a sacar esta situaci\u00f3n adelante&#8221;.<\/strong><\/p>\n<p>Desde su punto de vista, la continuidad evit\u00f3 las subas y bajas en el rendimiento. <strong>&#8220;Hubo varios partidos que arranqu\u00e9 mal y pude revertir la situaci\u00f3n y seguir tranquilo jugando. Antes ten\u00eda la sensaci\u00f3n que no pod\u00eda. Desde la Copa Sudamericana por izquierda fue donde tuve mejor rendimiento&#8221;<\/strong>, advirti\u00f3.<\/p>\n<p>Rodr\u00edguez hasta se anim\u00f3 a decir que fue el gol m\u00e1s lindo de su trayectoria en el club. <strong>&#8220;Creo que fue el mejor gol de mi carrera junto con el de Atl\u00e9tico Tucuman y el de Boca fueron los m\u00e1s lindos. Me rez\u00e9 un padre nuestro en los 3 segundos para pegarle bien antes del gol&#8221;<\/strong>, brome\u00f3.<\/p>\n<p>Por \u00faltimo agradeci\u00f3 a la gente. &#8220;<strong>Me pone muy contento que me reconozcan cuando hago las cosas bien y que hayan gritado con ganas el gol porque Independiente lo necesitaba&#8221;<\/strong>, sentenci\u00f3.<\/p>\n<p><em><strong>Escuch\u00e1 el audio:<\/strong><\/em><\/p>\n<p><object width=\"335\" height=\"28\" classid=\"clsid:d27cdb6e-ae6d-11cf-96b8-444553540000\" codebase=\"http:\/\/download.macromedia.com\/pub\/shockwave\/cabs\/flash\/swflash.cab#version=6,0,40,0\"><param name=\"allowFullScreen\" value=\"true\" \/><param name=\"allowscriptaccess\" value=\"always\" \/><param name=\"wmode\" value=\"transparent\" \/><param name=\"src\" value=\"http:\/\/www.divshare.com\/flash\/audio_embed?data=YTo2OntzOjU6ImFwaUlkIjtzOjE6IjQiO3M6NjoiZmlsZUlkIjtzOjg6IjE0ODQ2MjQ4IjtzOjQ6ImNvZGUiO3M6MTI6IjE0ODQ2MjQ4LTI0NiI7czo2OiJ1c2VySWQiO3M6NzoiMjIxMTE0MSI7czoxMjoiZXh0ZXJuYWxDYWxsIjtpOjE7czo0OiJ0aW1lIjtpOjEzMDU1MTA4MzU7fQ==&amp;autoplay=default\" \/><param name=\"allowfullscreen\" value=\"true\" \/><embed type=\"application\/x-shockwave-flash\" width=\"335\" height=\"28\" src=\"http:\/\/www.divshare.com\/flash\/audio_embed?data=YTo2OntzOjU6ImFwaUlkIjtzOjE6IjQiO3M6NjoiZmlsZUlkIjtzOjg6IjE0ODQ2MjQ4IjtzOjQ6ImNvZGUiO3M6MTI6IjE0ODQ2MjQ4LTI0NiI7czo2OiJ1c2VySWQiO3M6NzoiMjIxMTE0MSI7czoxMjoiZXh0ZXJuYWxDYWxsIjtpOjE7czo0OiJ0aW1lIjtpOjEzMDU1MTA4MzU7fQ==&amp;autoplay=default\" wmode=\"transparent\" allowscriptaccess=\"always\" allowfullscreen=\"true\"><\/embed><\/object><\/p>\n","protected":false},"excerpt":{"rendered":"<p>Patricio Rodr\u00edguez dialog\u00f3 con Independiente de Am\u00e9rica -domingos de 22 a 24 por Radio El Mundo AM 1070-. El 10 destac\u00f3 la importancia del gol y agradeci\u00f3 a la gente.Tambi\u00e9n se encarg\u00f3 de destacar el golpe animico que debe significar esta victoria. &#8220;Nosotros siempre hacemos 1 o 2 goles, hoy mantuvimos el resultado y eso [&hellip;]<\/p>\n","protected":false},"author":1,"featured_media":0,"comment_status":"open","ping_status":"open","sticky":false,"template":"","format":"standard","meta":{"_links_to":"","_links_to_target":""},"categories":[3,1],"tags":[395,153,419,179,41],"_links":{"self":[{"href":"https:\/\/www.locoxelrojo.com\/independiente\/wp-json\/wp\/v2\/posts\/7820"}],"collection":[{"href":"https:\/\/www.locoxelrojo.com\/independiente\/wp-json\/wp\/v2\/posts"}],"about":[{"href":"https:\/\/www.locoxelrojo.com\/independiente\/wp-json\/wp\/v2\/types\/post"}],"author":[{"embeddable":true,"href":"https:\/\/www.locoxelrojo.com\/independiente\/wp-json\/wp\/v2\/users\/1"}],"replies":[{"embeddable":true,"href":"https:\/\/www.locoxelrojo.com\/independiente\/wp-json\/wp\/v2\/comments?post=7820"}],"version-history":[{"count":0,"href":"https:\/\/www.locoxelrojo.com\/independiente\/wp-json\/wp\/v2\/posts\/7820\/revisions"}],"wp:attachment":[{"href":"https:\/\/www.locoxelrojo.com\/independiente\/wp-json\/wp\/v2\/media?parent=7820"}],"wp:term":[{"taxonomy":"category","embeddable":true,"href":"https:\/\/www.locoxelrojo.com\/independiente\/wp-json\/wp\/v2\/categories?post=7820"},{"taxonomy":"post_tag","embeddable":true,"href":"https:\/\/www.locoxelrojo.com\/independiente\/wp-json\/wp\/v2\/tags?post=7820"}],"curies":[{"name":"wp","href":"https:\/\/api.w.org\/{rel}","templated":true}]}}