{"id":7823,"date":"2011-05-15T22:48:44","date_gmt":"2011-05-16T01:48:44","guid":{"rendered":"http:\/\/www.locoxelrojo.com.ar\/independiente\/?p=7823"},"modified":"2011-05-16T00:00:00","modified_gmt":"2011-05-16T03:00:00","slug":"luis-chiaradia-dio-el-parte-medico","status":"publish","type":"post","link":"https:\/\/www.locoxelrojo.com\/independiente\/2011\/05\/15\/luis-chiaradia-dio-el-parte-medico\/","title":{"rendered":"Luis Chiarad\u00eda dio el parte m\u00e9dico"},"content":{"rendered":"<p><a href=\"http:\/\/www.locoxelrojo.com.ar\/independiente\/wp-content\/uploads\/2011\/05\/chiaradia_luis.jpg\"><img loading=\"lazy\" class=\"alignnone size-full wp-image-7824\" title=\"chiaradia_luis\" src=\"http:\/\/www.locoxelrojo.com.ar\/independiente\/wp-content\/uploads\/2011\/05\/chiaradia_luis.jpg\" alt=\"\" width=\"590\" height=\"315\" srcset=\"https:\/\/locoxelrojo.com\/independiente\/wp-content\/uploads\/2011\/05\/chiaradia_luis.jpg 590w, https:\/\/locoxelrojo.com\/independiente\/wp-content\/uploads\/2011\/05\/chiaradia_luis-300x160.jpg 300w\" sizes=\"(max-width: 590px) 100vw, 590px\" \/><\/a><\/p>\n<p><strong>Luis Chiarad\u00eda<\/strong> dialog\u00f3 con <strong>Independiente de Am\u00e9rica -domingos de 22 a 24 por Radio El Mundo AM 1070-<\/strong> y dio el parte m\u00e9dico sobre el plantel profesional. Respecto al partido frente a Olimpo, Maximiliano Vel\u00e1zquez sali\u00f3 solo por sobrecarga muscular. En cuanto a Patricio Rodr\u00edguez, tuvo 4 puntos de sutura sobre el parpado.<\/p>\n<p>Por otro lado,<strong> Iv\u00e1n P\u00e9rez y Nicolas Cabrera empezaran a trabajar con normalidad a partir del pr\u00f3ximo martes por la ma\u00f1ana cuando Independiente vuelva a los trabajos en Villa Dom\u00ednico.<\/strong> <strong>Defederico, por su parte, se realizar\u00e1 los estudios correspondientes el martes y podr\u00eda estar a la par a partir del mi\u00e9rcoles.<\/strong><\/p>\n<p>El m\u00e9dico manifest\u00f3 que el plantel comenzar\u00e1 a recuperar soldados debido que las lesiones se dieron por la doble competencia desde septiembre.<strong> &#8220;Los otros 4 equipos tambi\u00e9n tuvieron lesiones&#8221;<\/strong>, destac\u00f3. Adem\u00e1s, agreg\u00f3 que: <strong>&#8220;hizo una pretemporada m\u00e1s corta y jug\u00f3 3 partidos m\u00e1s, el desgaste f\u00edsico fue superior al resto.&#8221;<\/strong><\/p>\n<p><strong><em>Escuch\u00e1 el audio:<\/em><\/strong><\/p>\n<p><object classid=\"clsid:d27cdb6e-ae6d-11cf-96b8-444553540000\" width=\"335\" height=\"28\" codebase=\"http:\/\/download.macromedia.com\/pub\/shockwave\/cabs\/flash\/swflash.cab#version=6,0,40,0\"><param name=\"allowFullScreen\" value=\"true\" \/><param name=\"allowscriptaccess\" value=\"always\" \/><param name=\"wmode\" value=\"transparent\" \/><param name=\"src\" value=\"http:\/\/www.divshare.com\/flash\/audio_embed?data=YTo2OntzOjU6ImFwaUlkIjtzOjE6IjQiO3M6NjoiZmlsZUlkIjtzOjg6IjE0ODQ2MzU3IjtzOjQ6ImNvZGUiO3M6MTI6IjE0ODQ2MzU3LWE3NSI7czo2OiJ1c2VySWQiO3M6NzoiMjIxMTE0MSI7czoxMjoiZXh0ZXJuYWxDYWxsIjtpOjE7czo0OiJ0aW1lIjtpOjEzMDU1MTQ0NTE7fQ==&amp;autoplay=default\" \/><param name=\"allowfullscreen\" value=\"true\" \/><embed type=\"application\/x-shockwave-flash\" width=\"335\" height=\"28\" src=\"http:\/\/www.divshare.com\/flash\/audio_embed?data=YTo2OntzOjU6ImFwaUlkIjtzOjE6IjQiO3M6NjoiZmlsZUlkIjtzOjg6IjE0ODQ2MzU3IjtzOjQ6ImNvZGUiO3M6MTI6IjE0ODQ2MzU3LWE3NSI7czo2OiJ1c2VySWQiO3M6NzoiMjIxMTE0MSI7czoxMjoiZXh0ZXJuYWxDYWxsIjtpOjE7czo0OiJ0aW1lIjtpOjEzMDU1MTQ0NTE7fQ==&amp;autoplay=default\" wmode=\"transparent\" allowscriptaccess=\"always\" allowfullscreen=\"true\"><\/embed><\/object><\/p>\n","protected":false},"excerpt":{"rendered":"<p>Luis Chiarad\u00eda dialog\u00f3 con Independiente de Am\u00e9rica -domingos de 22 a 24 por Radio El Mundo AM 1070- y dio el parte m\u00e9dico sobre el plantel profesional. Respecto al partido frente a Olimpo, Maximiliano Vel\u00e1zquez sali\u00f3 solo por sobrecarga muscular. En cuanto a Patricio Rodr\u00edguez, tuvo 4 puntos de sutura sobre el parpado. Por otro [&hellip;]<\/p>\n","protected":false},"author":1,"featured_media":0,"comment_status":"open","ping_status":"open","sticky":false,"template":"","format":"standard","meta":{"_links_to":"","_links_to_target":""},"categories":[3,1],"tags":[153,334,379,154,108,41,305],"_links":{"self":[{"href":"https:\/\/www.locoxelrojo.com\/independiente\/wp-json\/wp\/v2\/posts\/7823"}],"collection":[{"href":"https:\/\/www.locoxelrojo.com\/independiente\/wp-json\/wp\/v2\/posts"}],"about":[{"href":"https:\/\/www.locoxelrojo.com\/independiente\/wp-json\/wp\/v2\/types\/post"}],"author":[{"embeddable":true,"href":"https:\/\/www.locoxelrojo.com\/independiente\/wp-json\/wp\/v2\/users\/1"}],"replies":[{"embeddable":true,"href":"https:\/\/www.locoxelrojo.com\/independiente\/wp-json\/wp\/v2\/comments?post=7823"}],"version-history":[{"count":0,"href":"https:\/\/www.locoxelrojo.com\/independiente\/wp-json\/wp\/v2\/posts\/7823\/revisions"}],"wp:attachment":[{"href":"https:\/\/www.locoxelrojo.com\/independiente\/wp-json\/wp\/v2\/media?parent=7823"}],"wp:term":[{"taxonomy":"category","embeddable":true,"href":"https:\/\/www.locoxelrojo.com\/independiente\/wp-json\/wp\/v2\/categories?post=7823"},{"taxonomy":"post_tag","embeddable":true,"href":"https:\/\/www.locoxelrojo.com\/independiente\/wp-json\/wp\/v2\/tags?post=7823"}],"curies":[{"name":"wp","href":"https:\/\/api.w.org\/{rel}","templated":true}]}}