{"id":78257,"date":"2018-07-01T17:16:22","date_gmt":"2018-07-01T20:16:22","guid":{"rendered":"http:\/\/www.locoxelrojo.com\/independiente\/?p=78257"},"modified":"2018-07-01T22:38:58","modified_gmt":"2018-07-02T01:38:58","slug":"pretemporada-independiente-se-muda-para-ezeiza","status":"publish","type":"post","link":"https:\/\/www.locoxelrojo.com\/independiente\/2018\/07\/01\/pretemporada-independiente-se-muda-para-ezeiza\/","title":{"rendered":"Se muda para Ezeiza"},"content":{"rendered":"<p><strong>El plantel dirigido por Ariel Holan continuar\u00e1 con su segunda semana de pretemporada en el predio que la Asociaci\u00f3n del F\u00fatbol Argentino posee en Ezeiza<\/strong>.<\/p>\n<p>Los primeros d\u00edas de la semana pasada no solo se destacaron porque los futbolistas retomaron sus actividades, sino porque <strong>se sumaron tres incorporaciones<\/strong>: <a href=\"https:\/\/www.locoxelrojo.com\/independiente\/2018\/06\/28\/guillermo-burdisso-me-siento-muy-bien-para-este-reto-tan-grande-en-mi-carrera\/\">Guillermo Burdisso<\/a>, <a href=\"https:\/\/www.locoxelrojo.com\/independiente\/2018\/06\/28\/carlos-benavidez-campana-y-silva-me-recomendaron-venir-a-independiente\/\">Carlos Benav\u00eddez<\/a> y <a href=\"https:\/\/www.locoxelrojo.com\/independiente\/2018\/06\/28\/francisco-silva-independiente-ha-ganado-muchas-copas-y-esperemos-conseguir-mas\/\">Francisco Silva<\/a>. Adem\u00e1s, <strong><a href=\"https:\/\/www.locoxelrojo.com\/independiente\/2018\/06\/28\/ariel-holan-renovo-hasta-2021\/\">el DT renov\u00f3 su contrato hasta diciembre de 2021<\/a><\/strong>.<\/p>\n<p>Bajo este panorama y con la mira puesta en las cuatro competiciones que tiene Independiente por delante en el segundo semestre, <strong>el t\u00e9cnico del Rojo dispuso una semana de pr\u00e1cticas m\u00e1s intensas, con amistosos y lejos de Villa Dom\u00ednico<\/strong>.<\/p>\n<p>Ser\u00e1 en Ezeiza, en el Predio Julio Humberto Grondona. All\u00ed los jugadores del Rey de Copas <strong>se entrenar\u00e1n en doble turno el lunes, martes, jueves y viernes<\/strong>. Mientras que el <strong>mi\u00e9rcoles habr\u00e1 una pr\u00e1ctica de f\u00fatbol ante San Mart\u00edn de Burzaco y el s\u00e1bado, frente a Talleres de Remedios de Escalada<\/strong>.<\/p>\n","protected":false},"excerpt":{"rendered":"<p>El plantel dirigido por Ariel Holan continuar\u00e1 con su segunda semana de pretemporada en el predio que la Asociaci\u00f3n del F\u00fatbol Argentino posee en Ezeiza. Los primeros d\u00edas de la semana pasada no solo se destacaron porque los futbolistas retomaron sus actividades, sino porque se sumaron tres incorporaciones: Guillermo Burdisso, Carlos Benav\u00eddez y Francisco Silva. [&hellip;]<\/p>\n","protected":false},"author":19,"featured_media":75062,"comment_status":"open","ping_status":"closed","sticky":false,"template":"","format":"standard","meta":{"_links_to":"","_links_to_target":""},"categories":[3247,3],"tags":[153,26,1548],"_links":{"self":[{"href":"https:\/\/www.locoxelrojo.com\/independiente\/wp-json\/wp\/v2\/posts\/78257"}],"collection":[{"href":"https:\/\/www.locoxelrojo.com\/independiente\/wp-json\/wp\/v2\/posts"}],"about":[{"href":"https:\/\/www.locoxelrojo.com\/independiente\/wp-json\/wp\/v2\/types\/post"}],"author":[{"embeddable":true,"href":"https:\/\/www.locoxelrojo.com\/independiente\/wp-json\/wp\/v2\/users\/19"}],"replies":[{"embeddable":true,"href":"https:\/\/www.locoxelrojo.com\/independiente\/wp-json\/wp\/v2\/comments?post=78257"}],"version-history":[{"count":1,"href":"https:\/\/www.locoxelrojo.com\/independiente\/wp-json\/wp\/v2\/posts\/78257\/revisions"}],"predecessor-version":[{"id":78258,"href":"https:\/\/www.locoxelrojo.com\/independiente\/wp-json\/wp\/v2\/posts\/78257\/revisions\/78258"}],"wp:featuredmedia":[{"embeddable":true,"href":"https:\/\/www.locoxelrojo.com\/independiente\/wp-json\/wp\/v2\/media\/75062"}],"wp:attachment":[{"href":"https:\/\/www.locoxelrojo.com\/independiente\/wp-json\/wp\/v2\/media?parent=78257"}],"wp:term":[{"taxonomy":"category","embeddable":true,"href":"https:\/\/www.locoxelrojo.com\/independiente\/wp-json\/wp\/v2\/categories?post=78257"},{"taxonomy":"post_tag","embeddable":true,"href":"https:\/\/www.locoxelrojo.com\/independiente\/wp-json\/wp\/v2\/tags?post=78257"}],"curies":[{"name":"wp","href":"https:\/\/api.w.org\/{rel}","templated":true}]}}