{"id":78264,"date":"2018-07-02T14:16:05","date_gmt":"2018-07-02T17:16:05","guid":{"rendered":"http:\/\/www.locoxelrojo.com\/independiente\/?p=78264"},"modified":"2018-07-02T20:34:11","modified_gmt":"2018-07-02T23:34:11","slug":"amorebieta-separado","status":"publish","type":"post","link":"https:\/\/www.locoxelrojo.com\/independiente\/2018\/07\/02\/amorebieta-separado\/","title":{"rendered":"Separado"},"content":{"rendered":"<p><strong>Fernando Amorebieta fue separado del plantel.<\/strong> Ariel Holan decidi\u00f3 no convocarlo para los trabajos de pretemporada en Ezeiza.<\/p>\n<p>La novela del venezolano suma un nuevo cap\u00edtulos y su salida est\u00e1 cada vez m\u00e1s cerca. Desde este lunes <a href=\"https:\/\/www.locoxelrojo.com\/independiente\/2018\/07\/01\/pretemporada-independiente-se-muda-para-ezeiza\/\">el plantel profesional realizar\u00e1 los trabajos m\u00e1s intensos de pretemporada en el predio de la AFA<\/a> en Ezeiza y <strong>Holan no lo sum\u00f3 al Vasco.<\/strong><\/p>\n<p>Seg\u00fan pudo averiguar LocoXelRojo,<strong> hay conflictos entre el club y su representante<\/strong>. Adem\u00e1s, <strong>Independiente necesita liberar el cupo de extranjero para facilitar la llegada del paraguayo Richard S\u00e1nchez<\/strong>, con qui\u00e9n est\u00e1 todo acordado. <a href=\"https:\/\/www.locoxelrojo.com\/independiente\/2018\/06\/25\/jugadores-quienes-mas-se-pueden-ir\/\">Holan no qued\u00f3 del todo conforme con el rendimiento del defensor<\/a> y <strong>le dio el visto bueno a la dirigencia para avanzar con\u00a0 la desvinculaci\u00f3n.<\/strong><\/p>\n<p>El central continuar\u00e1 entren\u00e1ndose en Villa Dom\u00ednico con el resto de los jugadores que no son tenidos en cuenta a la espera de su salida.<\/p>\n","protected":false},"excerpt":{"rendered":"<p>Fernando Amorebieta fue separado del plantel. Ariel Holan decidi\u00f3 no convocarlo para los trabajos de pretemporada en Ezeiza. La novela del venezolano suma un nuevo cap\u00edtulos y su salida est\u00e1 cada vez m\u00e1s cerca. Desde este lunes el plantel profesional realizar\u00e1 los trabajos m\u00e1s intensos de pretemporada en el predio de la AFA en Ezeiza [&hellip;]<\/p>\n","protected":false},"author":1,"featured_media":78265,"comment_status":"open","ping_status":"closed","sticky":false,"template":"","format":"standard","meta":{"_links_to":"","_links_to_target":""},"categories":[3247,3],"tags":[2998,153,3517],"_links":{"self":[{"href":"https:\/\/www.locoxelrojo.com\/independiente\/wp-json\/wp\/v2\/posts\/78264"}],"collection":[{"href":"https:\/\/www.locoxelrojo.com\/independiente\/wp-json\/wp\/v2\/posts"}],"about":[{"href":"https:\/\/www.locoxelrojo.com\/independiente\/wp-json\/wp\/v2\/types\/post"}],"author":[{"embeddable":true,"href":"https:\/\/www.locoxelrojo.com\/independiente\/wp-json\/wp\/v2\/users\/1"}],"replies":[{"embeddable":true,"href":"https:\/\/www.locoxelrojo.com\/independiente\/wp-json\/wp\/v2\/comments?post=78264"}],"version-history":[{"count":0,"href":"https:\/\/www.locoxelrojo.com\/independiente\/wp-json\/wp\/v2\/posts\/78264\/revisions"}],"wp:featuredmedia":[{"embeddable":true,"href":"https:\/\/www.locoxelrojo.com\/independiente\/wp-json\/wp\/v2\/media\/78265"}],"wp:attachment":[{"href":"https:\/\/www.locoxelrojo.com\/independiente\/wp-json\/wp\/v2\/media?parent=78264"}],"wp:term":[{"taxonomy":"category","embeddable":true,"href":"https:\/\/www.locoxelrojo.com\/independiente\/wp-json\/wp\/v2\/categories?post=78264"},{"taxonomy":"post_tag","embeddable":true,"href":"https:\/\/www.locoxelrojo.com\/independiente\/wp-json\/wp\/v2\/tags?post=78264"}],"curies":[{"name":"wp","href":"https:\/\/api.w.org\/{rel}","templated":true}]}}